{"id":1423,"date":"2023-08-24T11:38:18","date_gmt":"2023-08-24T08:38:18","guid":{"rendered":"https:\/\/xn--kntjmestari-l8aacb.fi\/km\/?p=1423"},"modified":"2023-08-24T11:43:11","modified_gmt":"2023-08-24T08:43:11","slug":"mestarin-viikko-kirjallisuuden-suomentaja","status":"publish","type":"post","link":"https:\/\/xn--kntjmestari-l8aacb.fi\/km\/mestarin-viikko-kirjallisuuden-suomentaja\/","title":{"rendered":"Mestarin viikko \u2013 Kirjallisuuden suomentaja"},"content":{"rendered":"\n<p class=\"has-vivid-cyan-blue-color has-text-color\">Katariina Kallio, suomentaja<\/p>\n\n\n\n<p>Esimerkkiviikkoni tiistaista tiistaihin (25.7.\u20131.8.2023) oli hiukan poikkeuksellinen, sill\u00e4 ty\u00f6stett\u00e4v\u00e4n\u00e4 oli per\u00e4ti kolme eri vaiheessa olevaa teosta. Lis\u00e4ksi viikkoon mahtui yksi ty\u00f6hyvinvointip\u00e4iv\u00e4, mutta ei muita vapaita. Olisin hyvin voinut kertoa my\u00f6s sellaisesta viikosta, jolloin her\u00e4\u00e4n kello 8, k\u00e4yn uimassa, sy\u00f6n aamiaisen, ja sitten vain paukutan menem\u00e4\u00e4n ns. pitk\u00e4\u00e4 tavaraa eli romaanik\u00e4\u00e4nn\u00f6st\u00e4 aamusta iltaan ja otan hiukan kevyemmin vaikka viikonloppuna.<\/p>\n\n\n\n<p>Mutta nyt! Ty\u00f6n alla oli raakak\u00e4\u00e4nn\u00f6svaiheessa oleva aikuisten romaani englannista (kustantamo A), kustannustoimittajan kommenttiversio ruotsinkielisen romaanin suomennoksesta (kustantamo B) ja lasten runokirja (englannista, kustantamo C), jonka deadline osui t\u00e4lle viikolle. N\u00e4in se suunnilleen meni:<\/p>\n\n\n\n<p><strong>Tiistai:<\/strong> TY\u00d6HYVINVOINTIA! Aamukahdeksaksi Nokialle Mira Potkosen mukaan nimetylle ulkokuntosalille, siit\u00e4 m\u00f6nkij\u00e4ll\u00e4 Pyh\u00e4j\u00e4rven rantaan uimaan ja lopuksi sosiaaliselle aamupalalle. Iltap\u00e4iv\u00e4ll\u00e4 k\u00e4vin hierojalla, illalla p\u00e4\u00e4sin pariksi tunniksi tanssimaan salsaa. En edes ajatellut t\u00f6it\u00e4 koko p\u00e4iv\u00e4n\u00e4.<\/p>\n\n\n\n<p><strong>Keskiviikko<\/strong>: Aamup\u00e4iv\u00e4 raakak\u00e4\u00e4nn\u00f6st\u00e4 (A). Olen aikatauluttanut ty\u00f6n viiden viikkop\u00e4iv\u00e4n mukaan siten, ett\u00e4 keskim\u00e4\u00e4r\u00e4inen ty\u00f6panos on kuusi sivua. Aikataulu on realistinen, tai olisi, jos el\u00e4m\u00e4 ei aina v\u00e4lill\u00e4 tarjoilisi muuta. T\u00e4n\u00e4\u00e4n hoidin keskell\u00e4 p\u00e4iv\u00e4\u00e4 kuopuksen syntt\u00e4rikahvittelut enk\u00e4 saanut sivum\u00e4\u00e4r\u00e4tavoitetta t\u00e4yteen, sill\u00e4 iltavuoro (joka venyi yhdeks\u00e4\u00e4n saakka) sujui lastenkirjaa (C) riimitellen. Deadline olisi 31.7., ja riimit olivat yh\u00e4 aika kamalia.<\/p>\n\n\n\n<p><strong>Torstai<\/strong>: P\u00e4iv\u00e4 alkoi hierojalla. Nykyisin istun p\u00e4ivitt\u00e4in aivan liikaa ja liikun liian v\u00e4h\u00e4n. T\u00e4st\u00e4kin syyst\u00e4 kehoa on huollettava paljon. Aamup\u00e4iv\u00e4ll\u00e4 riimej\u00e4. En ollut tyytyv\u00e4inen edellisen p\u00e4iv\u00e4n tuotoksiin, joten korjailin niit\u00e4 ja tein muutaman sivun lis\u00e4\u00e4. Iltap\u00e4iv\u00e4ll\u00e4 k\u00e4\u00e4nsin romaania.<\/p>\n\n\n\n<p><strong>Perjantai<\/strong>: Ruotsinkielinen romaani (B) saapui kustantamosta kustannustoimittajan korjausehdotusten ja saatekirjeen kera. Toimittajan kanssa yhteisty\u00f6 alkoi jo aiemmin, kun kustantamo esitteli meid\u00e4t toisillemme ja sovimme yhteiset s\u00e4velet korjausten osalta. Lis\u00e4ksi olimme jo ehtineet keskustella \u00e4\u00e4nikirjan lukijalle annettavista ohjeista. K\u00e4vin kursorisesti korjausehdotukset l\u00e4pi ja totesin, ett\u00e4 toimittaja on todella perehtynyt k\u00e4\u00e4nn\u00f6kseen. T\u00e4st\u00e4 helpottuneena ryhdyin hoitamaan yritt\u00e4j\u00e4n velvollisuuksia: maksoin itselleni hein\u00e4kuun palkan ja tein verottajalle palkkailmoituksen palkka.fi-palvelussa. Iltap\u00e4iv\u00e4st\u00e4 iltaan rustasin riimej\u00e4. P\u00e4iv\u00e4 venyi pitk\u00e4ksi.<\/p>\n\n\n\n<p><strong>Lauantai<\/strong>: Koko Suomi vietti ihanaa suviviikonloppua, mutta minulla oli yh\u00e4 yl\u00e4m\u00e4ke\u00e4 lastenkirjan riimien kanssa, joten aloin puolenp\u00e4iv\u00e4n maissa ty\u00f6st\u00e4\u00e4 niit\u00e4. Iltaan menness\u00e4 sain siedett\u00e4v\u00e4n version valmiiksi.<\/p>\n\n\n\n<p><strong>Sunnuntai<\/strong>: Tein lastenkirjan valmiiksi ja panin k\u00e4\u00e4nn\u00f6ksen lep\u00e4\u00e4m\u00e4\u00e4n viel\u00e4 yhdeksi y\u00f6ksi ennen deadlinea. Aloitin romaanin (B) kustannustoimittajan kommenttien l\u00e4pik\u00e4ymisen ja totesin, ett\u00e4 ty\u00f6 sujuu oletettua nopeammin, sill\u00e4 toimittaja oli tehnyt muutosehdotuksensa my\u00f6s teknisesti esimerkillisen hyvin. Kahdeksantuntinen ty\u00f6p\u00e4iv\u00e4.<\/p>\n\n\n\n<p><strong>Maanantai<\/strong>: Siirryin et\u00e4t\u00f6ihin j\u00e4rven rannalle yst\u00e4v\u00e4n kes\u00e4m\u00f6kille. K\u00e4vin lastenkirjak\u00e4\u00e4nn\u00f6ksen l\u00e4pi ja l\u00e4hetin sen jokseenkin tyytyv\u00e4isen\u00e4 kustantamoon. Kustannustoimitetun ruotsalaisromaanin ty\u00f6st\u00e4miseen olisi ollut viel\u00e4 puolitoista viikkoa aikaa, mutta en n\u00e4hnyt mit\u00e4\u00e4n syyt\u00e4 vitkutella, joten loppup\u00e4iv\u00e4 meni sen parissa.<\/p>\n\n\n\n<p><strong>Tiistai<\/strong>: P\u00e4\u00e4tin ilahduttaa ruotsinkielisen romaanin kustannustoimittajaa ja kustantamoa ja puursin koko romaanin korjaukset l\u00e4pi. P\u00e4iv\u00e4n p\u00e4\u00e4tteeksi l\u00e4hetin korjatun k\u00e4siksen kustantamoon, keskustelin lyhyesti kirjanpit\u00e4j\u00e4n kanssa hein\u00e4kuun tilitapahtumista ja palkitsin lopuksi itseni pitk\u00e4ll\u00e4 iltauinnilla. Nyt saisin ty\u00f6st\u00e4\u00e4 englanninkielisen romaanin k\u00e4\u00e4nn\u00f6st\u00e4 ilman huolen h\u00e4iv\u00e4\u00e4 aina dedikseen saakka.<\/p>\n\n\n\n<p>Aina ty\u00f6ni ei ole n\u00e4in hektist\u00e4, mutta t\u00e4m\u00e4 mainio viikko sis\u00e4lsi monia elementtej\u00e4, joiden vuoksi pid\u00e4n suomentajan ty\u00f6st\u00e4: materiaali vaihtelee, yhteisty\u00f6tahot ovat poikkeuksetta miellytt\u00e4vi\u00e4 ja saan jaksottaa p\u00e4iv\u00e4ni itse. Koska pystyn tarvittaessa ty\u00f6skentelem\u00e4\u00e4n kevyell\u00e4 kalustolla \u2013 l\u00e4pp\u00e4ri, s\u00e4hk\u00f6 ja netti riitt\u00e4v\u00e4t \u2013 my\u00f6s ty\u00f6ymp\u00e4rist\u00f6n virkist\u00e4v\u00e4t vaihtelut ovat mahdollisia.<\/p>\n\n\n\n<div class=\"wp-block-divi-layout\">[et_pb_section fb_built=&#8221;1&#8243; _builder_version=&#8221;4.17.4&#8243; _module_preset=&#8221;default&#8221; background_color=&#8221;#eff1ff&#8221; custom_margin=&#8221;40px||40px||false|false&#8221; custom_padding=&#8221;20px|40px|20px|40px|false|false&#8221; global_colors_info=&#8221;{}&#8221;][et_pb_row column_structure=&#8221;1_3,2_3&#8243; use_custom_gutter=&#8221;on&#8221; gutter_width=&#8221;2&#8243; _builder_version=&#8221;4.17.4&#8243; _module_preset=&#8221;default&#8221; width=&#8221;100%&#8221; max_width=&#8221;100%&#8221; global_colors_info=&#8221;{}&#8221;][et_pb_column type=&#8221;1_3&#8243; _builder_version=&#8221;4.17.4&#8243; _module_preset=&#8221;default&#8221; global_colors_info=&#8221;{}&#8221;][et_pb_image src=&#8221;https:\/\/xn--kntjmestari-l8aacb.fi\/km\/wp-content\/uploads\/2023\/08\/Katariina-Kallio.jpg&#8221; title_text=&#8221;Katariina Kallio&#8221; _builder_version=&#8221;4.21.0&#8243; _module_preset=&#8221;default&#8221; hover_enabled=&#8221;0&#8243; border_radii=&#8221;on|5px|5px|5px|5px&#8221; global_colors_info=&#8221;{}&#8221; sticky_enabled=&#8221;0&#8243;][\/et_pb_image][\/et_pb_column][et_pb_column type=&#8221;2_3&#8243; _builder_version=&#8221;4.17.4&#8243; _module_preset=&#8221;default&#8221; global_colors_info=&#8221;{}&#8221;][et_pb_team_member name=&#8221;Katariina Kallio&#8221; position=&#8221;Suomentaja&#8221; icon_color=&#8221;#005801&#8243; use_icon_font_size=&#8221;on&#8221; icon_font_size=&#8221;22px&#8221; _builder_version=&#8221;4.19.4&#8243; _module_preset=&#8221;default&#8221; header_level=&#8221;h2&#8243; body_text_color=&#8221;#000000&#8243; body_font_size=&#8221;14px&#8221; body_line_height=&#8221;1.5em&#8221; position_font=&#8221;|800|on||||||&#8221; position_text_color=&#8221;#005801&#8243; background_color=&#8221;RGBA(255,255,255,0)&#8221; text_orientation=&#8221;left&#8221; module_alignment=&#8221;center&#8221; custom_css_main_element=&#8221;border-radius:20px;&#8221; custom_css_member_image=&#8221;margin-bottom:35px;&#8221; border_radii_image=&#8221;on|5px|5px|5px|5px&#8221; border_color_all_image=&#8221;RGBA(255,255,255,0)&#8221; box_shadow_style_image=&#8221;preset1&#8243; global_colors_info=&#8221;{}&#8221;]<p><span style=\"font-weight: 400;\">Katariinan ty\u00f6kielet ovat ruotsi ja englanti. H\u00e4n suomentaa p\u00e4\u00e4toimisesti kaunokirjallisuutta ja riimittelee my\u00f6s lastenkirjoja englannista suomeksi. Teosluetteloon kuuluu yli seitsem\u00e4nkymment\u00e4 teosta. Katariina perusti vuoden 2012 alussa ty\u00f6nantajakseen Katasana oy:n, jonka kautta hoituvat laskutus, palkanmaksu ja ty\u00f6nantajavelvoitteet. Firman p\u00e4\u00e4konttori sijaitsee Katariinan kotona, ja ty\u00f6rauha on rikkumaton. Yksinyritt\u00e4jyyden vastapainona on toiminta Journalistiliittoon kuuluvan k\u00e4\u00e4nt\u00e4jien ammattiosaston KAOSin hallituksessa. Katariina kuuluu my\u00f6s Suomen k\u00e4\u00e4nt\u00e4jien ja tulkkien liittoon. Vaikka ty\u00f6aika kuluukin omassa rauhassa, ammatin suolana ovat hauskat ja fiksut kollegat: suomentajan paras ymm\u00e4rt\u00e4j\u00e4 onkin usein toinen suomentaja. Koulutukseltaan Katariina on FM, p\u00e4\u00e4aine Tampereen yliopistossa oli englannin kielen k\u00e4\u00e4nt\u00e4minen ja tulkkaus.<\/span><\/p>[\/et_pb_team_member][\/et_pb_column][\/et_pb_row][\/et_pb_section]<\/div>\n","protected":false},"excerpt":{"rendered":"<p>Katariina Kallio, suomentaja<br \/>\nMestarin viikko -kes\u00e4sarjan viimeisess\u00e4 osassa sukelletaan suomentajan arkeen. Kokenut konkari korostaa ty\u00f6hyvinvoinnista huolehtimisen merkityst\u00e4 kiireenkin keskell\u00e4.<\/p>\n","protected":false},"author":7,"featured_media":1425,"comment_status":"closed","ping_status":"closed","sticky":false,"template":"","format":"standard","meta":{"_et_pb_use_builder":"","_et_pb_old_content":"","_et_gb_content_width":"","footnotes":""},"categories":[19],"tags":[73,95,94,74],"class_list":["post-1423","post","type-post","status-publish","format-standard","has-post-thumbnail","hentry","category-blogi","tag-kaunokirjallisuus","tag-kustannustoimittaja","tag-lastenkirjallisuus","tag-suomentaminen"],"yoast_head":"<!-- This site is optimized with the Yoast SEO plugin v27.4 - https:\/\/yoast.com\/product\/yoast-seo-wordpress\/ -->\n<title>Mestarin viikko \u2013 Kirjallisuuden suomentaja - K\u00e4\u00e4nt\u00e4j\u00e4mestarin kirja<\/title>\n<meta name=\"description\" content=\"Suomentajakonkari Katariina Kallio korostaa ty\u00f6hyvinvoinnista huolehtimisen merkityst\u00e4 kiireisen arjen keskell\u00e4.\" \/>\n<meta name=\"robots\" content=\"index, follow, max-snippet:-1, max-image-preview:large, max-video-preview:-1\" \/>\n<link rel=\"canonical\" href=\"https:\/\/xn--kntjmestari-l8aacb.fi\/km\/mestarin-viikko-kirjallisuuden-suomentaja\/\" \/>\n<meta property=\"og:locale\" content=\"fi_FI\" \/>\n<meta property=\"og:type\" content=\"article\" \/>\n<meta property=\"og:title\" content=\"Kirjallisuuden suomentajan viikko\" \/>\n<meta property=\"og:description\" content=\"Mestarin viikko -kes\u00e4sarjan viimeisess\u00e4 osassa K\u00e4\u00e4nt\u00e4j\u00e4mestarin kirjan blogi sukeltaa suomentajan arkeen. Suomentajakonkari Katariina Kallio korostaa ty\u00f6hyvinvoinnista huolehtimisen merkityst\u00e4 kiireenkin keskell\u00e4.\" \/>\n<meta property=\"og:url\" content=\"https:\/\/xn--kntjmestari-l8aacb.fi\/km\/mestarin-viikko-kirjallisuuden-suomentaja\/\" \/>\n<meta property=\"og:site_name\" content=\"K\u00e4\u00e4nt\u00e4j\u00e4mestarin kirja\" \/>\n<meta property=\"article:published_time\" content=\"2023-08-24T08:38:18+00:00\" \/>\n<meta property=\"article:modified_time\" content=\"2023-08-24T08:43:11+00:00\" \/>\n<meta property=\"og:image\" content=\"https:\/\/xn--kntjmestari-l8aacb.fi\/km\/wp-content\/uploads\/2023\/08\/Katariina-Kallio.jpg\" \/>\n\t<meta property=\"og:image:width\" content=\"1000\" \/>\n\t<meta property=\"og:image:height\" content=\"1000\" \/>\n\t<meta property=\"og:image:type\" content=\"image\/jpeg\" \/>\n<meta name=\"author\" content=\"Anna M\u00e4ntynen\" \/>\n<meta name=\"twitter:card\" content=\"summary_large_image\" \/>\n<meta name=\"twitter:title\" content=\"Tulkin ja asiatekstik\u00e4\u00e4nt\u00e4j\u00e4n viikko\" \/>\n<meta name=\"twitter:description\" content=\"Mestarin viikko -kes\u00e4sarjan viimeisess\u00e4 osassa K\u00e4\u00e4nt\u00e4j\u00e4mestarin kirjan blogi sukeltaa suomentajan arkeen. Suomentajakonkari Katariina Kallio korostaa ty\u00f6hyvinvoinnista huolehtimisen merkityst\u00e4 kiireenkin keskell\u00e4.\" \/>\n<meta name=\"twitter:image\" content=\"https:\/\/xn--kntjmestari-l8aacb.fi\/km\/wp-content\/uploads\/2023\/08\/Katariina-Kallio.jpg\" \/>\n<meta name=\"twitter:label1\" content=\"Kirjoittanut\" \/>\n\t<meta name=\"twitter:data1\" content=\"Anna M\u00e4ntynen\" \/>\n\t<meta name=\"twitter:label2\" content=\"Arvioitu lukuaika\" \/>\n\t<meta name=\"twitter:data2\" content=\"4 minuuttia\" \/>\n<script type=\"application\/ld+json\" class=\"yoast-schema-graph\">{\"@context\":\"https:\\\/\\\/schema.org\",\"@graph\":[{\"@type\":\"Article\",\"@id\":\"https:\\\/\\\/xn--kntjmestari-l8aacb.fi\\\/km\\\/mestarin-viikko-kirjallisuuden-suomentaja\\\/#article\",\"isPartOf\":{\"@id\":\"https:\\\/\\\/xn--kntjmestari-l8aacb.fi\\\/km\\\/mestarin-viikko-kirjallisuuden-suomentaja\\\/\"},\"author\":{\"name\":\"Anna M\u00e4ntynen\",\"@id\":\"https:\\\/\\\/xn--kntjmestari-l8aacb.fi\\\/km\\\/#\\\/schema\\\/person\\\/da7d58d8c8100f76bcf6eb554d0ebe91\"},\"headline\":\"Mestarin viikko \u2013 Kirjallisuuden suomentaja\",\"datePublished\":\"2023-08-24T08:38:18+00:00\",\"dateModified\":\"2023-08-24T08:43:11+00:00\",\"mainEntityOfPage\":{\"@id\":\"https:\\\/\\\/xn--kntjmestari-l8aacb.fi\\\/km\\\/mestarin-viikko-kirjallisuuden-suomentaja\\\/\"},\"wordCount\":974,\"publisher\":{\"@id\":\"https:\\\/\\\/xn--kntjmestari-l8aacb.fi\\\/km\\\/#organization\"},\"image\":{\"@id\":\"https:\\\/\\\/xn--kntjmestari-l8aacb.fi\\\/km\\\/mestarin-viikko-kirjallisuuden-suomentaja\\\/#primaryimage\"},\"thumbnailUrl\":\"https:\\\/\\\/xn--kntjmestari-l8aacb.fi\\\/km\\\/wp-content\\\/uploads\\\/2023\\\/08\\\/Katariina-Kallio.jpg\",\"keywords\":[\"kaunokirjallisuus\",\"kustannustoimittaja\",\"lastenkirjallisuus\",\"suomentaminen\"],\"articleSection\":[\"Blogi\"],\"inLanguage\":\"fi\"},{\"@type\":\"WebPage\",\"@id\":\"https:\\\/\\\/xn--kntjmestari-l8aacb.fi\\\/km\\\/mestarin-viikko-kirjallisuuden-suomentaja\\\/\",\"url\":\"https:\\\/\\\/xn--kntjmestari-l8aacb.fi\\\/km\\\/mestarin-viikko-kirjallisuuden-suomentaja\\\/\",\"name\":\"Mestarin viikko \u2013 Kirjallisuuden suomentaja - K\u00e4\u00e4nt\u00e4j\u00e4mestarin kirja\",\"isPartOf\":{\"@id\":\"https:\\\/\\\/xn--kntjmestari-l8aacb.fi\\\/km\\\/#website\"},\"primaryImageOfPage\":{\"@id\":\"https:\\\/\\\/xn--kntjmestari-l8aacb.fi\\\/km\\\/mestarin-viikko-kirjallisuuden-suomentaja\\\/#primaryimage\"},\"image\":{\"@id\":\"https:\\\/\\\/xn--kntjmestari-l8aacb.fi\\\/km\\\/mestarin-viikko-kirjallisuuden-suomentaja\\\/#primaryimage\"},\"thumbnailUrl\":\"https:\\\/\\\/xn--kntjmestari-l8aacb.fi\\\/km\\\/wp-content\\\/uploads\\\/2023\\\/08\\\/Katariina-Kallio.jpg\",\"datePublished\":\"2023-08-24T08:38:18+00:00\",\"dateModified\":\"2023-08-24T08:43:11+00:00\",\"description\":\"Suomentajakonkari Katariina Kallio korostaa ty\u00f6hyvinvoinnista huolehtimisen merkityst\u00e4 kiireisen arjen keskell\u00e4.\",\"breadcrumb\":{\"@id\":\"https:\\\/\\\/xn--kntjmestari-l8aacb.fi\\\/km\\\/mestarin-viikko-kirjallisuuden-suomentaja\\\/#breadcrumb\"},\"inLanguage\":\"fi\",\"potentialAction\":[{\"@type\":\"ReadAction\",\"target\":[\"https:\\\/\\\/xn--kntjmestari-l8aacb.fi\\\/km\\\/mestarin-viikko-kirjallisuuden-suomentaja\\\/\"]}]},{\"@type\":\"ImageObject\",\"inLanguage\":\"fi\",\"@id\":\"https:\\\/\\\/xn--kntjmestari-l8aacb.fi\\\/km\\\/mestarin-viikko-kirjallisuuden-suomentaja\\\/#primaryimage\",\"url\":\"https:\\\/\\\/xn--kntjmestari-l8aacb.fi\\\/km\\\/wp-content\\\/uploads\\\/2023\\\/08\\\/Katariina-Kallio.jpg\",\"contentUrl\":\"https:\\\/\\\/xn--kntjmestari-l8aacb.fi\\\/km\\\/wp-content\\\/uploads\\\/2023\\\/08\\\/Katariina-Kallio.jpg\",\"width\":1000,\"height\":1000},{\"@type\":\"BreadcrumbList\",\"@id\":\"https:\\\/\\\/xn--kntjmestari-l8aacb.fi\\\/km\\\/mestarin-viikko-kirjallisuuden-suomentaja\\\/#breadcrumb\",\"itemListElement\":[{\"@type\":\"ListItem\",\"position\":1,\"name\":\"Etusivu\",\"item\":\"https:\\\/\\\/xn--kntjmestari-l8aacb.fi\\\/km\\\/\"},{\"@type\":\"ListItem\",\"position\":2,\"name\":\"Mestarin viikko \u2013 Kirjallisuuden suomentaja\"}]},{\"@type\":\"WebSite\",\"@id\":\"https:\\\/\\\/xn--kntjmestari-l8aacb.fi\\\/km\\\/#website\",\"url\":\"https:\\\/\\\/xn--kntjmestari-l8aacb.fi\\\/km\\\/\",\"name\":\"K\u00e4\u00e4nt\u00e4j\u00e4mestarin kirja\",\"description\":\"k\u00e4yt\u00e4nn\u00f6n opas aloitteleville k\u00e4\u00e4nt\u00e4jille ja tulkeille\",\"publisher\":{\"@id\":\"https:\\\/\\\/xn--kntjmestari-l8aacb.fi\\\/km\\\/#organization\"},\"potentialAction\":[{\"@type\":\"SearchAction\",\"target\":{\"@type\":\"EntryPoint\",\"urlTemplate\":\"https:\\\/\\\/xn--kntjmestari-l8aacb.fi\\\/km\\\/?s={search_term_string}\"},\"query-input\":{\"@type\":\"PropertyValueSpecification\",\"valueRequired\":true,\"valueName\":\"search_term_string\"}}],\"inLanguage\":\"fi\"},{\"@type\":\"Organization\",\"@id\":\"https:\\\/\\\/xn--kntjmestari-l8aacb.fi\\\/km\\\/#organization\",\"name\":\"K\u00e4\u00e4nt\u00e4j\u00e4mestarit\",\"url\":\"https:\\\/\\\/xn--kntjmestari-l8aacb.fi\\\/km\\\/\",\"logo\":{\"@type\":\"ImageObject\",\"inLanguage\":\"fi\",\"@id\":\"https:\\\/\\\/xn--kntjmestari-l8aacb.fi\\\/km\\\/#\\\/schema\\\/logo\\\/image\\\/\",\"url\":\"https:\\\/\\\/xn--kntjmestari-l8aacb.fi\\\/km\\\/wp-content\\\/uploads\\\/2021\\\/12\\\/logo.jpg\",\"contentUrl\":\"https:\\\/\\\/xn--kntjmestari-l8aacb.fi\\\/km\\\/wp-content\\\/uploads\\\/2021\\\/12\\\/logo.jpg\",\"width\":509,\"height\":530,\"caption\":\"K\u00e4\u00e4nt\u00e4j\u00e4mestarit\"},\"image\":{\"@id\":\"https:\\\/\\\/xn--kntjmestari-l8aacb.fi\\\/km\\\/#\\\/schema\\\/logo\\\/image\\\/\"}},{\"@type\":\"Person\",\"@id\":\"https:\\\/\\\/xn--kntjmestari-l8aacb.fi\\\/km\\\/#\\\/schema\\\/person\\\/da7d58d8c8100f76bcf6eb554d0ebe91\",\"name\":\"Anna M\u00e4ntynen\",\"image\":{\"@type\":\"ImageObject\",\"inLanguage\":\"fi\",\"@id\":\"https:\\\/\\\/secure.gravatar.com\\\/avatar\\\/7fb46d0fe9184bba49c15b9caa85ef2d631c27a206dd3ee146d840632b1e734d?s=96&d=mm&r=g\",\"url\":\"https:\\\/\\\/secure.gravatar.com\\\/avatar\\\/7fb46d0fe9184bba49c15b9caa85ef2d631c27a206dd3ee146d840632b1e734d?s=96&d=mm&r=g\",\"contentUrl\":\"https:\\\/\\\/secure.gravatar.com\\\/avatar\\\/7fb46d0fe9184bba49c15b9caa85ef2d631c27a206dd3ee146d840632b1e734d?s=96&d=mm&r=g\",\"caption\":\"Anna M\u00e4ntynen\"},\"url\":\"https:\\\/\\\/xn--kntjmestari-l8aacb.fi\\\/km\\\/author\\\/annatranslato-fi\\\/\"}]}<\/script>\n<!-- \/ Yoast SEO plugin. -->","yoast_head_json":{"title":"Mestarin viikko \u2013 Kirjallisuuden suomentaja - K\u00e4\u00e4nt\u00e4j\u00e4mestarin kirja","description":"Suomentajakonkari Katariina Kallio korostaa ty\u00f6hyvinvoinnista huolehtimisen merkityst\u00e4 kiireisen arjen keskell\u00e4.","robots":{"index":"index","follow":"follow","max-snippet":"max-snippet:-1","max-image-preview":"max-image-preview:large","max-video-preview":"max-video-preview:-1"},"canonical":"https:\/\/xn--kntjmestari-l8aacb.fi\/km\/mestarin-viikko-kirjallisuuden-suomentaja\/","og_locale":"fi_FI","og_type":"article","og_title":"Kirjallisuuden suomentajan viikko","og_description":"Mestarin viikko -kes\u00e4sarjan viimeisess\u00e4 osassa K\u00e4\u00e4nt\u00e4j\u00e4mestarin kirjan blogi sukeltaa suomentajan arkeen. Suomentajakonkari Katariina Kallio korostaa ty\u00f6hyvinvoinnista huolehtimisen merkityst\u00e4 kiireenkin keskell\u00e4.","og_url":"https:\/\/xn--kntjmestari-l8aacb.fi\/km\/mestarin-viikko-kirjallisuuden-suomentaja\/","og_site_name":"K\u00e4\u00e4nt\u00e4j\u00e4mestarin kirja","article_published_time":"2023-08-24T08:38:18+00:00","article_modified_time":"2023-08-24T08:43:11+00:00","og_image":[{"width":1000,"height":1000,"url":"https:\/\/xn--kntjmestari-l8aacb.fi\/km\/wp-content\/uploads\/2023\/08\/Katariina-Kallio.jpg","type":"image\/jpeg"}],"author":"Anna M\u00e4ntynen","twitter_card":"summary_large_image","twitter_title":"Tulkin ja asiatekstik\u00e4\u00e4nt\u00e4j\u00e4n viikko","twitter_description":"Mestarin viikko -kes\u00e4sarjan viimeisess\u00e4 osassa K\u00e4\u00e4nt\u00e4j\u00e4mestarin kirjan blogi sukeltaa suomentajan arkeen. Suomentajakonkari Katariina Kallio korostaa ty\u00f6hyvinvoinnista huolehtimisen merkityst\u00e4 kiireenkin keskell\u00e4.","twitter_image":"https:\/\/xn--kntjmestari-l8aacb.fi\/km\/wp-content\/uploads\/2023\/08\/Katariina-Kallio.jpg","twitter_misc":{"Kirjoittanut":"Anna M\u00e4ntynen","Arvioitu lukuaika":"4 minuuttia"},"schema":{"@context":"https:\/\/schema.org","@graph":[{"@type":"Article","@id":"https:\/\/xn--kntjmestari-l8aacb.fi\/km\/mestarin-viikko-kirjallisuuden-suomentaja\/#article","isPartOf":{"@id":"https:\/\/xn--kntjmestari-l8aacb.fi\/km\/mestarin-viikko-kirjallisuuden-suomentaja\/"},"author":{"name":"Anna M\u00e4ntynen","@id":"https:\/\/xn--kntjmestari-l8aacb.fi\/km\/#\/schema\/person\/da7d58d8c8100f76bcf6eb554d0ebe91"},"headline":"Mestarin viikko \u2013 Kirjallisuuden suomentaja","datePublished":"2023-08-24T08:38:18+00:00","dateModified":"2023-08-24T08:43:11+00:00","mainEntityOfPage":{"@id":"https:\/\/xn--kntjmestari-l8aacb.fi\/km\/mestarin-viikko-kirjallisuuden-suomentaja\/"},"wordCount":974,"publisher":{"@id":"https:\/\/xn--kntjmestari-l8aacb.fi\/km\/#organization"},"image":{"@id":"https:\/\/xn--kntjmestari-l8aacb.fi\/km\/mestarin-viikko-kirjallisuuden-suomentaja\/#primaryimage"},"thumbnailUrl":"https:\/\/xn--kntjmestari-l8aacb.fi\/km\/wp-content\/uploads\/2023\/08\/Katariina-Kallio.jpg","keywords":["kaunokirjallisuus","kustannustoimittaja","lastenkirjallisuus","suomentaminen"],"articleSection":["Blogi"],"inLanguage":"fi"},{"@type":"WebPage","@id":"https:\/\/xn--kntjmestari-l8aacb.fi\/km\/mestarin-viikko-kirjallisuuden-suomentaja\/","url":"https:\/\/xn--kntjmestari-l8aacb.fi\/km\/mestarin-viikko-kirjallisuuden-suomentaja\/","name":"Mestarin viikko \u2013 Kirjallisuuden suomentaja - K\u00e4\u00e4nt\u00e4j\u00e4mestarin kirja","isPartOf":{"@id":"https:\/\/xn--kntjmestari-l8aacb.fi\/km\/#website"},"primaryImageOfPage":{"@id":"https:\/\/xn--kntjmestari-l8aacb.fi\/km\/mestarin-viikko-kirjallisuuden-suomentaja\/#primaryimage"},"image":{"@id":"https:\/\/xn--kntjmestari-l8aacb.fi\/km\/mestarin-viikko-kirjallisuuden-suomentaja\/#primaryimage"},"thumbnailUrl":"https:\/\/xn--kntjmestari-l8aacb.fi\/km\/wp-content\/uploads\/2023\/08\/Katariina-Kallio.jpg","datePublished":"2023-08-24T08:38:18+00:00","dateModified":"2023-08-24T08:43:11+00:00","description":"Suomentajakonkari Katariina Kallio korostaa ty\u00f6hyvinvoinnista huolehtimisen merkityst\u00e4 kiireisen arjen keskell\u00e4.","breadcrumb":{"@id":"https:\/\/xn--kntjmestari-l8aacb.fi\/km\/mestarin-viikko-kirjallisuuden-suomentaja\/#breadcrumb"},"inLanguage":"fi","potentialAction":[{"@type":"ReadAction","target":["https:\/\/xn--kntjmestari-l8aacb.fi\/km\/mestarin-viikko-kirjallisuuden-suomentaja\/"]}]},{"@type":"ImageObject","inLanguage":"fi","@id":"https:\/\/xn--kntjmestari-l8aacb.fi\/km\/mestarin-viikko-kirjallisuuden-suomentaja\/#primaryimage","url":"https:\/\/xn--kntjmestari-l8aacb.fi\/km\/wp-content\/uploads\/2023\/08\/Katariina-Kallio.jpg","contentUrl":"https:\/\/xn--kntjmestari-l8aacb.fi\/km\/wp-content\/uploads\/2023\/08\/Katariina-Kallio.jpg","width":1000,"height":1000},{"@type":"BreadcrumbList","@id":"https:\/\/xn--kntjmestari-l8aacb.fi\/km\/mestarin-viikko-kirjallisuuden-suomentaja\/#breadcrumb","itemListElement":[{"@type":"ListItem","position":1,"name":"Etusivu","item":"https:\/\/xn--kntjmestari-l8aacb.fi\/km\/"},{"@type":"ListItem","position":2,"name":"Mestarin viikko \u2013 Kirjallisuuden suomentaja"}]},{"@type":"WebSite","@id":"https:\/\/xn--kntjmestari-l8aacb.fi\/km\/#website","url":"https:\/\/xn--kntjmestari-l8aacb.fi\/km\/","name":"K\u00e4\u00e4nt\u00e4j\u00e4mestarin kirja","description":"k\u00e4yt\u00e4nn\u00f6n opas aloitteleville k\u00e4\u00e4nt\u00e4jille ja tulkeille","publisher":{"@id":"https:\/\/xn--kntjmestari-l8aacb.fi\/km\/#organization"},"potentialAction":[{"@type":"SearchAction","target":{"@type":"EntryPoint","urlTemplate":"https:\/\/xn--kntjmestari-l8aacb.fi\/km\/?s={search_term_string}"},"query-input":{"@type":"PropertyValueSpecification","valueRequired":true,"valueName":"search_term_string"}}],"inLanguage":"fi"},{"@type":"Organization","@id":"https:\/\/xn--kntjmestari-l8aacb.fi\/km\/#organization","name":"K\u00e4\u00e4nt\u00e4j\u00e4mestarit","url":"https:\/\/xn--kntjmestari-l8aacb.fi\/km\/","logo":{"@type":"ImageObject","inLanguage":"fi","@id":"https:\/\/xn--kntjmestari-l8aacb.fi\/km\/#\/schema\/logo\/image\/","url":"https:\/\/xn--kntjmestari-l8aacb.fi\/km\/wp-content\/uploads\/2021\/12\/logo.jpg","contentUrl":"https:\/\/xn--kntjmestari-l8aacb.fi\/km\/wp-content\/uploads\/2021\/12\/logo.jpg","width":509,"height":530,"caption":"K\u00e4\u00e4nt\u00e4j\u00e4mestarit"},"image":{"@id":"https:\/\/xn--kntjmestari-l8aacb.fi\/km\/#\/schema\/logo\/image\/"}},{"@type":"Person","@id":"https:\/\/xn--kntjmestari-l8aacb.fi\/km\/#\/schema\/person\/da7d58d8c8100f76bcf6eb554d0ebe91","name":"Anna M\u00e4ntynen","image":{"@type":"ImageObject","inLanguage":"fi","@id":"https:\/\/secure.gravatar.com\/avatar\/7fb46d0fe9184bba49c15b9caa85ef2d631c27a206dd3ee146d840632b1e734d?s=96&d=mm&r=g","url":"https:\/\/secure.gravatar.com\/avatar\/7fb46d0fe9184bba49c15b9caa85ef2d631c27a206dd3ee146d840632b1e734d?s=96&d=mm&r=g","contentUrl":"https:\/\/secure.gravatar.com\/avatar\/7fb46d0fe9184bba49c15b9caa85ef2d631c27a206dd3ee146d840632b1e734d?s=96&d=mm&r=g","caption":"Anna M\u00e4ntynen"},"url":"https:\/\/xn--kntjmestari-l8aacb.fi\/km\/author\/annatranslato-fi\/"}]}},"_links":{"self":[{"href":"https:\/\/xn--kntjmestari-l8aacb.fi\/km\/wp-json\/wp\/v2\/posts\/1423","targetHints":{"allow":["GET"]}}],"collection":[{"href":"https:\/\/xn--kntjmestari-l8aacb.fi\/km\/wp-json\/wp\/v2\/posts"}],"about":[{"href":"https:\/\/xn--kntjmestari-l8aacb.fi\/km\/wp-json\/wp\/v2\/types\/post"}],"author":[{"embeddable":true,"href":"https:\/\/xn--kntjmestari-l8aacb.fi\/km\/wp-json\/wp\/v2\/users\/7"}],"replies":[{"embeddable":true,"href":"https:\/\/xn--kntjmestari-l8aacb.fi\/km\/wp-json\/wp\/v2\/comments?post=1423"}],"version-history":[{"count":3,"href":"https:\/\/xn--kntjmestari-l8aacb.fi\/km\/wp-json\/wp\/v2\/posts\/1423\/revisions"}],"predecessor-version":[{"id":1428,"href":"https:\/\/xn--kntjmestari-l8aacb.fi\/km\/wp-json\/wp\/v2\/posts\/1423\/revisions\/1428"}],"wp:featuredmedia":[{"embeddable":true,"href":"https:\/\/xn--kntjmestari-l8aacb.fi\/km\/wp-json\/wp\/v2\/media\/1425"}],"wp:attachment":[{"href":"https:\/\/xn--kntjmestari-l8aacb.fi\/km\/wp-json\/wp\/v2\/media?parent=1423"}],"wp:term":[{"taxonomy":"category","embeddable":true,"href":"https:\/\/xn--kntjmestari-l8aacb.fi\/km\/wp-json\/wp\/v2\/categories?post=1423"},{"taxonomy":"post_tag","embeddable":true,"href":"https:\/\/xn--kntjmestari-l8aacb.fi\/km\/wp-json\/wp\/v2\/tags?post=1423"}],"curies":[{"name":"wp","href":"https:\/\/api.w.org\/{rel}","templated":true}]}}