{"id":1625,"date":"2024-10-18T09:00:00","date_gmt":"2024-10-18T06:00:00","guid":{"rendered":"https:\/\/xn--kntjmestari-l8aacb.fi\/km\/?p=1625"},"modified":"2024-10-17T16:32:43","modified_gmt":"2024-10-17T13:32:43","slug":"pohjoismaisen-englannin-aarella-turussa","status":"publish","type":"post","link":"https:\/\/xn--kntjmestari-l8aacb.fi\/km\/pohjoismaisen-englannin-aarella-turussa\/","title":{"rendered":"Pohjoismaisen englannin \u00e4\u00e4rell\u00e4 turussa"},"content":{"rendered":"\n<p class=\"has-vivid-cyan-blue-color has-text-color has-link-color wp-elements-6be862d721090674ab28836c4f547f7f\">Tiina Kinnunen, av-k\u00e4\u00e4nt\u00e4j\u00e4, K\u00e4\u00e4nt\u00e4j\u00e4mestarit ry<\/p>\n\n\n\n<p>Kes\u00e4n lopussa Turussa kokoontui pohjoismainen kieliasiantuntijoiden heimo. <a href=\"https:\/\/nordicedit.fi\/\">Nordic Editors and Translators ry<\/a> (NEaT) ja<a href=\"https:\/\/kieliasiantuntijat.fi\/\"> Kieliasiantuntijat ry<\/a> j\u00e4rjestiv\u00e4t ensimm\u00e4isen kahden p\u00e4iv\u00e4n konferenssinsa, English as Lingua Nordica 2024. NEaTin j\u00e4senet joko k\u00e4\u00e4nt\u00e4v\u00e4t pohjoismaisten kielten ja englannin v\u00e4lill\u00e4 tai asuvat Pohjoismaissa, mutta osanottajissa oli my\u00f6s niit\u00e4, joita konferenssin sis\u00e4lt\u00f6 kiinnosti muuten vain.<\/p>\n\n\n\n<p>Avajaisjuhlallisuuksien j\u00e4lkeen kuulimme Susanne Mohrin esitelm\u00e4n Norjan matkailumarkkinoinnissa k\u00e4ytett\u00e4v\u00e4n englannin erityispiirteist\u00e4. Sielt\u00e4 j\u00e4i p\u00e4\u00e4h\u00e4n \u201dhappy salmon\u201d -k\u00e4site, jolla Hurtigruten mainosti matkojaan Australian suunnassa. Otimme sen oitis k\u00e4ytt\u00f6\u00f6n! Iloisten lohien pulina t\u00e4ytti heti kahvitauolla aulan.<\/p>\n\n\n\n<p>Iltap\u00e4iv\u00e4ll\u00e4 pohjoismaisten kielitoimistojen edustajat, mukana my\u00f6s oma Kotuksemme, kertoivat englannin vaikutuksesta kukin omiin kieliins\u00e4. Englannin vaikutus n\u00e4kyy monissa uudissanoissa, ja olin kovasti kateellinen norjalaisten krympflation-ilmaisusta \u2013 jotenkin shrinkflaatiota ei suomeksi saa k\u00e4\u00e4nnetty\u00e4 yht\u00e4 k\u00e4tev\u00e4sti! Kaikki olivat samaa mielt\u00e4, ett\u00e4 englannin vaikutusta on paljon, mutta pelk\u00e4n sanatason lainauksia ei pidetty suurena uhkana elinvoimaisille kansalliskielille.<\/p>\n\n\n\n<p>Lauantaiaamuna jakaannuimme ty\u00f6pajoihin. Itse osallistuin <em>An Argument for Sensitivity Editing: The Call to be Kind &#8211;<\/em>ty\u00f6pajaan, joka k\u00e4sitteli kielellist\u00e4 saavutettavuutta ja inkluusiota. K\u00e4vimme ryhmiss\u00e4 l\u00e4pi erilaisia tekstej\u00e4 ja mietimme, miten niit\u00e4 voisi muokata sellaiseen suuntaan, etteiv\u00e4t ne loukkaisi tai j\u00e4tt\u00e4isi ket\u00e4\u00e4n ulkopuolelle. Oli yll\u00e4tt\u00e4v\u00e4\u00e4 huomata, ett\u00e4 suomesta englantiin k\u00e4\u00e4nnetyiss\u00e4 teksteiss\u00e4 ihan pelkk\u00e4 sanaj\u00e4rjestys vaikutti tekstin s\u00e4vyyn. K\u00e4sitelt\u00e4v\u00e4 teksti oli kevyesti j\u00e4lkieditoitua konek\u00e4\u00e4nn\u00f6st\u00e4, ja otinkin heti ty\u00f6kalupakkiini vinkin siit\u00e4, ett\u00e4 sanaj\u00e4rjestys on k\u00e4tev\u00e4 tapa muokata koneen ehdotuksesta inhimillisempi, l\u00e4mpim\u00e4mpi teksti.<\/p>\n\n\n\n<p>Mukavaa kahvitaukotekemist\u00e4 tarjosi er\u00e4\u00e4n n\u00e4ytteilleasettajan mukanaan tuoma palapeli. Sen \u00e4\u00e4rell\u00e4 oli mukavia kohtaamisia, ja tunnustan, ett\u00e4 taisin j\u00e4\u00e4d\u00e4 palapelin lumoihin er\u00e4\u00e4n ty\u00f6pajan ajaksi\u2026 Onneksi samalla voi keskustella virolaiskollegan kanssa ajankohtaisista kysymyksist\u00e4, joten lasken palapeliinkin k\u00e4ytetyn ajan hy\u00f6dylliseksi verkostoitumiseksi (selityksen makua, mutta olkoon\u2026)<\/p>\n\n\n\n<p>Lauantain ensimm\u00e4isess\u00e4 plenaarissa Elizabeth Peterson puhui toimittamastaan kirjasta <a href=\"https:\/\/www.taylorfrancis.com\/books\/oa-edit\/10.4324\/9781003272687\/english-nordic-countries-elizabeth-peterson-kristy-beers-f%C3%A4gersten?_gl=1*15pn707*_ga*MzQ3NjY5MzEzLjE2NzEwMDYyMTE.*_ga_0HYE8YG0M6*MTcwMDQ5Mjk5NS41OS4wLjE3MDA0OTI5OTcuMC4wLjA.\"><em>English in the Nordic Countries.<\/em><\/a><em> <\/em>Kirja on kattava katsaus erilaisiin englanteihin Pohjoismaissa ja erilaisissa k\u00e4ytt\u00f6tilanteissa. Mieleen j\u00e4i muun muassa se, ett\u00e4 alkuper\u00e4iskansat pitiv\u00e4t kansalliskieli\u00e4 englantia suurempana uhkana omille kielilleen. Monissa kieliss\u00e4 lainattiin englannista puhekieleen paljonkin ilmauksia, jotka eiv\u00e4t kuitenkaan ole siirtyneet kirjoitettuun kieleen. Moni tunnisti heti teinien oo\u00e4mgeet! Kaiken kaikkiaan suhtautuminen englantiin on kaikissa Pohjoismaissa monisyist\u00e4, ja mustavalkoisen uhka-ajattelun sijaan on pikku hiljaa alettu n\u00e4hd\u00e4 my\u00f6s harmaan eri s\u00e4vyt. Kirja on vapaasti luettavissa verkossa yll\u00e4 olevan linkin kautta.<\/p>\n\n\n\n<p>Lauantain toinen plenaari vei meid\u00e4t suomalaisen k\u00e4\u00e4nn\u00f6skirjallisuuden maisemaan. Laura Ivaskan tutkimus Keltaisen kirjaston alkukielist\u00e4 kertoi, ett\u00e4 englanti on ollut valtakieli pitk\u00e4\u00e4n, ja osin se piiloutuu v\u00e4likieleksi, joka ei aina k\u00e4y ilmi teoksen tiedoistakaan. Tuoreen nobelistin Han Kangin kirjat ovat hyv\u00e4 esimerkki t\u00e4st\u00e4 \u2013 osa on k\u00e4\u00e4nnetty englannin kautta ja vasta tuoreimmat suoraan koreasta. Lauran pokka piti hyvin koko esitelm\u00e4n ajan, vaikka auditorion hieno vihersein\u00e4 p\u00e4\u00e4tti kesken esityksen t\u00e4ydent\u00e4\u00e4 vesivarastonsa hervottoman lorinan s\u00e4estyksell\u00e4, ja yleis\u00f6n kysymyksist\u00e4kin osa j\u00e4i jumiin aivan sivuasioihin.<\/p>\n\n\n\n<p>Lauantain p\u00e4\u00e4tti herkullinen illallinen Oobussa (tunnustan, kesti kauan tajuta ett\u00e4 Oobu = \u00c5bo), ja jatkoille vet\u00e4ydyimme tietysti Kouluun, jossa jo edellisen\u00e4 iltana olimme k\u00e4yneet l\u00e4pi p\u00e4iv\u00e4n tunnelmia. Tunnollisia oppilaita siis kaikki tyynni! Ter\u00e4ss\u00e4-j\u00e4rjest\u00e4j\u00e4n\u00e4 tied\u00e4n, ett\u00e4 konferenssin j\u00e4rjest\u00e4minen on vaativaa ja pitk\u00e4j\u00e4nnitteist\u00e4 puuhaa. ELN2024:n j\u00e4rjest\u00e4j\u00e4t osuivat kerralla napakymppiin. Turun innovaatiokeskuksen Joki-rakennus tarjosi mielenkiintoisen ymp\u00e4rist\u00f6n (lorisevine viherseinineenkin), tunnelma oli v\u00e4lit\u00f6n ja kollegiaalinen, ja vaikka ohjelma oli painavaa, nuo pari sateista p\u00e4iv\u00e4\u00e4 kes\u00e4n lopussa j\u00e4iv\u00e4t mieleen l\u00e4mpim\u00e4n\u00e4 kuplana. Kiitos siis<a href=\"https:\/\/nordicedit.fi\/\"> Nordic Editors and Translators ry<\/a> ja<a href=\"https:\/\/kieliasiantuntijat.fi\/\"> Kieliasiantuntijat ry<\/a>. Odotan jo seuraavaa!<\/p>\n\n\n\n<div class=\"wp-block-divi-layout\">[et_pb_section fb_built=&#8221;1&#8243; _builder_version=&#8221;4.17.4&#8243; _module_preset=&#8221;default&#8221; background_color=&#8221;#eff1ff&#8221; custom_margin=&#8221;40px||40px||false|false&#8221; custom_padding=&#8221;20px|40px|20px|40px|false|false&#8221; global_colors_info=&#8221;{}&#8221;][et_pb_row column_structure=&#8221;1_3,2_3&#8243; use_custom_gutter=&#8221;on&#8221; gutter_width=&#8221;2&#8243; _builder_version=&#8221;4.17.4&#8243; _module_preset=&#8221;default&#8221; width=&#8221;100%&#8221; max_width=&#8221;100%&#8221; hover_enabled=&#8221;0&#8243; global_colors_info=&#8221;{}&#8221; sticky_enabled=&#8221;0&#8243;][et_pb_column type=&#8221;1_3&#8243; _builder_version=&#8221;4.17.4&#8243; _module_preset=&#8221;default&#8221; global_colors_info=&#8221;{}&#8221;][et_pb_image src=&#8221;https:\/\/xn--kntjmestari-l8aacb.fi\/km\/wp-content\/uploads\/2024\/10\/Tiina-uusi-kuva.jpg&#8221; title_text=&#8221;Tiina uusi kuva&#8221; _builder_version=&#8221;4.27.2&#8243; _module_preset=&#8221;default&#8221; hover_enabled=&#8221;0&#8243; border_radii=&#8221;on|5px|5px|5px|5px&#8221; global_colors_info=&#8221;{}&#8221; sticky_enabled=&#8221;0&#8243;][\/et_pb_image][\/et_pb_column][et_pb_column type=&#8221;2_3&#8243; _builder_version=&#8221;4.17.4&#8243; _module_preset=&#8221;default&#8221; global_colors_info=&#8221;{}&#8221;][et_pb_team_member name=&#8221;Tiina Kinnunen&#8221; position=&#8221;Av-k\u00e4\u00e4nt\u00e4j\u00e4&#8221; linkedin_url=&#8221;https:\/\/www.linkedin.com\/in\/tiina-kinnunen\/&#8221; icon_color=&#8221;#005801&#8243; use_icon_font_size=&#8221;on&#8221; icon_font_size=&#8221;22px&#8221; _builder_version=&#8221;4.27.2&#8243; _module_preset=&#8221;default&#8221; header_level=&#8221;h2&#8243; body_text_color=&#8221;#000000&#8243; body_font_size=&#8221;14px&#8221; body_line_height=&#8221;1.5em&#8221; position_font=&#8221;|800|on||||||&#8221; position_text_color=&#8221;#005801&#8243; background_color=&#8221;RGBA(255,255,255,0)&#8221; text_orientation=&#8221;left&#8221; module_alignment=&#8221;center&#8221; hover_enabled=&#8221;0&#8243; custom_css_main_element=&#8221;border-radius:20px;&#8221; custom_css_member_image=&#8221;margin-bottom:35px;&#8221; border_radii_image=&#8221;on|5px|5px|5px|5px&#8221; border_color_all_image=&#8221;RGBA(255,255,255,0)&#8221; box_shadow_style_image=&#8221;preset1&#8243; global_colors_info=&#8221;{}&#8221; sticky_enabled=&#8221;0&#8243;]<p><span style=\"font-weight: 400\">Tiina Kinnunen on pitk\u00e4n linjan av-k\u00e4\u00e4nt\u00e4j\u00e4 ja av-k\u00e4\u00e4nt\u00e4misen matkasaarnaaja. Uusien k\u00e4\u00e4nt\u00e4jien koulutus ja yhteisty\u00f6 yliopistojen kanssa ovat l\u00e4hell\u00e4 h\u00e4nen syd\u00e4nt\u00e4\u00e4n, ja h\u00e4n vierailee usein puhumassa k\u00e4\u00e4nt\u00e4misest\u00e4 opiskelijoille. Tiina sai vuonna 2023 SKTL:n av-k\u00e4\u00e4nt\u00e4jien jaoston Kultainen repla-palkinnon.<\/span><\/p>\n<p><span style=\"font-weight: 400\">Tiina on ollut mukana tekem\u00e4ss\u00e4 K\u00e4\u00e4nt\u00e4j\u00e4mestarin kirjaa, ja h\u00e4n toimii t\u00e4ll\u00e4 hetkell\u00e4 K\u00e4\u00e4nt\u00e4j\u00e4mestarit ry:n puheenjohtajana.<\/span><\/p>\n<p><span style=\"font-weight: 400\">Kuva: Tarja Virolainen<br \/><\/span><\/p>[\/et_pb_team_member][\/et_pb_column][\/et_pb_row][\/et_pb_section]<\/div>\n","protected":false},"excerpt":{"rendered":"<p>Tiina Kinnunen, av-k\u00e4\u00e4nt\u00e4j\u00e4<\/p>\n<p>Turkuun kokoontui loppukes\u00e4st\u00e4 englannin k\u00e4ytt\u00e4ji\u00e4 ja ammattilaisia eri Pohjoismaista. Lue K\u00e4\u00e4nt\u00e4j\u00e4mestarin kokemukset kiinnostavasta konferenssista!<\/p>\n","protected":false},"author":7,"featured_media":1628,"comment_status":"closed","ping_status":"closed","sticky":false,"template":"","format":"standard","meta":{"_et_pb_use_builder":"off","_et_pb_old_content":"","_et_gb_content_width":"","footnotes":""},"categories":[19,33],"tags":[119,117,81,118],"class_list":["post-1625","post","type-post","status-publish","format-standard","has-post-thumbnail","hentry","category-blogi","category-vieraskyna","tag-asiakastekstit","tag-kaytettavyys","tag-saavutettavuus","tag-selkea-kieli"],"yoast_head":"<!-- This site is optimized with the Yoast SEO plugin v27.4 - https:\/\/yoast.com\/product\/yoast-seo-wordpress\/ -->\n<title>Pohjoismaisen englannin \u00e4\u00e4rell\u00e4 turussa - K\u00e4\u00e4nt\u00e4j\u00e4mestarin kirja<\/title>\n<meta name=\"description\" content=\"Turkuun kokoontui loppukes\u00e4st\u00e4 englannin k\u00e4ytt\u00e4ji\u00e4 ja ammattilaisia eri Pohjoismaista. Lue K\u00e4\u00e4nt\u00e4j\u00e4mestarin kokemukset kiinnostavasta konferenssista!\" \/>\n<meta name=\"robots\" content=\"index, follow, max-snippet:-1, max-image-preview:large, max-video-preview:-1\" \/>\n<link rel=\"canonical\" href=\"https:\/\/xn--kntjmestari-l8aacb.fi\/km\/pohjoismaisen-englannin-aarella-turussa\/\" \/>\n<meta property=\"og:locale\" content=\"fi_FI\" \/>\n<meta property=\"og:type\" content=\"article\" \/>\n<meta property=\"og:title\" content=\"Pohjoismaisen englannin \u00e4\u00e4rell\u00e4 Turussa\" \/>\n<meta property=\"og:description\" content=\"Turkuun kokoontui loppukes\u00e4st\u00e4 englannin k\u00e4ytt\u00e4ji\u00e4 ja ammattilaisia eri Pohjoismaista. Lue K\u00e4\u00e4nt\u00e4j\u00e4mestarin kokemukset kiinnostavasta konferenssista!\" \/>\n<meta property=\"og:url\" content=\"https:\/\/xn--kntjmestari-l8aacb.fi\/km\/pohjoismaisen-englannin-aarella-turussa\/\" \/>\n<meta property=\"og:site_name\" content=\"K\u00e4\u00e4nt\u00e4j\u00e4mestarin kirja\" \/>\n<meta property=\"article:published_time\" content=\"2024-10-18T06:00:00+00:00\" \/>\n<meta property=\"og:image\" content=\"https:\/\/xn--kntjmestari-l8aacb.fi\/km\/wp-content\/uploads\/2024\/10\/ENL_logo_MV.png\" \/>\n\t<meta property=\"og:image:width\" content=\"397\" \/>\n\t<meta property=\"og:image:height\" content=\"397\" \/>\n\t<meta property=\"og:image:type\" content=\"image\/png\" \/>\n<meta name=\"author\" content=\"Anna M\u00e4ntynen\" \/>\n<meta name=\"twitter:card\" content=\"summary_large_image\" \/>\n<meta name=\"twitter:title\" content=\"Pohjoismaisen englannin \u00e4\u00e4rell\u00e4 Turussa\" \/>\n<meta name=\"twitter:description\" content=\"Turkuun kokoontui loppukes\u00e4st\u00e4 englannin k\u00e4ytt\u00e4ji\u00e4 ja ammattilaisia eri Pohjoismaista. Lue K\u00e4\u00e4nt\u00e4j\u00e4mestarin kokemukset kiinnostavasta konferenssista!\" \/>\n<meta name=\"twitter:image\" content=\"https:\/\/xn--kntjmestari-l8aacb.fi\/km\/wp-content\/uploads\/2024\/10\/ENL_logo_MV.png\" \/>\n<meta name=\"twitter:label1\" content=\"Kirjoittanut\" \/>\n\t<meta name=\"twitter:data1\" content=\"Anna M\u00e4ntynen\" \/>\n\t<meta name=\"twitter:label2\" content=\"Arvioitu lukuaika\" \/>\n\t<meta name=\"twitter:data2\" content=\"5 minuuttia\" \/>\n<script type=\"application\/ld+json\" class=\"yoast-schema-graph\">{\"@context\":\"https:\\\/\\\/schema.org\",\"@graph\":[{\"@type\":\"Article\",\"@id\":\"https:\\\/\\\/xn--kntjmestari-l8aacb.fi\\\/km\\\/pohjoismaisen-englannin-aarella-turussa\\\/#article\",\"isPartOf\":{\"@id\":\"https:\\\/\\\/xn--kntjmestari-l8aacb.fi\\\/km\\\/pohjoismaisen-englannin-aarella-turussa\\\/\"},\"author\":{\"name\":\"Anna M\u00e4ntynen\",\"@id\":\"https:\\\/\\\/xn--kntjmestari-l8aacb.fi\\\/km\\\/#\\\/schema\\\/person\\\/da7d58d8c8100f76bcf6eb554d0ebe91\"},\"headline\":\"Pohjoismaisen englannin \u00e4\u00e4rell\u00e4 turussa\",\"datePublished\":\"2024-10-18T06:00:00+00:00\",\"mainEntityOfPage\":{\"@id\":\"https:\\\/\\\/xn--kntjmestari-l8aacb.fi\\\/km\\\/pohjoismaisen-englannin-aarella-turussa\\\/\"},\"wordCount\":959,\"publisher\":{\"@id\":\"https:\\\/\\\/xn--kntjmestari-l8aacb.fi\\\/km\\\/#organization\"},\"image\":{\"@id\":\"https:\\\/\\\/xn--kntjmestari-l8aacb.fi\\\/km\\\/pohjoismaisen-englannin-aarella-turussa\\\/#primaryimage\"},\"thumbnailUrl\":\"https:\\\/\\\/xn--kntjmestari-l8aacb.fi\\\/km\\\/wp-content\\\/uploads\\\/2024\\\/10\\\/ENL_logo_MV.png\",\"keywords\":[\"asiakastekstit\",\"k\u00e4ytett\u00e4vyys\",\"saavutettavuus\",\"selke\u00e4 kieli\"],\"articleSection\":[\"Blogi\",\"Vieraskyn\u00e4\"],\"inLanguage\":\"fi\"},{\"@type\":\"WebPage\",\"@id\":\"https:\\\/\\\/xn--kntjmestari-l8aacb.fi\\\/km\\\/pohjoismaisen-englannin-aarella-turussa\\\/\",\"url\":\"https:\\\/\\\/xn--kntjmestari-l8aacb.fi\\\/km\\\/pohjoismaisen-englannin-aarella-turussa\\\/\",\"name\":\"Pohjoismaisen englannin \u00e4\u00e4rell\u00e4 turussa - K\u00e4\u00e4nt\u00e4j\u00e4mestarin kirja\",\"isPartOf\":{\"@id\":\"https:\\\/\\\/xn--kntjmestari-l8aacb.fi\\\/km\\\/#website\"},\"primaryImageOfPage\":{\"@id\":\"https:\\\/\\\/xn--kntjmestari-l8aacb.fi\\\/km\\\/pohjoismaisen-englannin-aarella-turussa\\\/#primaryimage\"},\"image\":{\"@id\":\"https:\\\/\\\/xn--kntjmestari-l8aacb.fi\\\/km\\\/pohjoismaisen-englannin-aarella-turussa\\\/#primaryimage\"},\"thumbnailUrl\":\"https:\\\/\\\/xn--kntjmestari-l8aacb.fi\\\/km\\\/wp-content\\\/uploads\\\/2024\\\/10\\\/ENL_logo_MV.png\",\"datePublished\":\"2024-10-18T06:00:00+00:00\",\"description\":\"Turkuun kokoontui loppukes\u00e4st\u00e4 englannin k\u00e4ytt\u00e4ji\u00e4 ja ammattilaisia eri Pohjoismaista. Lue K\u00e4\u00e4nt\u00e4j\u00e4mestarin kokemukset kiinnostavasta konferenssista!\",\"breadcrumb\":{\"@id\":\"https:\\\/\\\/xn--kntjmestari-l8aacb.fi\\\/km\\\/pohjoismaisen-englannin-aarella-turussa\\\/#breadcrumb\"},\"inLanguage\":\"fi\",\"potentialAction\":[{\"@type\":\"ReadAction\",\"target\":[\"https:\\\/\\\/xn--kntjmestari-l8aacb.fi\\\/km\\\/pohjoismaisen-englannin-aarella-turussa\\\/\"]}]},{\"@type\":\"ImageObject\",\"inLanguage\":\"fi\",\"@id\":\"https:\\\/\\\/xn--kntjmestari-l8aacb.fi\\\/km\\\/pohjoismaisen-englannin-aarella-turussa\\\/#primaryimage\",\"url\":\"https:\\\/\\\/xn--kntjmestari-l8aacb.fi\\\/km\\\/wp-content\\\/uploads\\\/2024\\\/10\\\/ENL_logo_MV.png\",\"contentUrl\":\"https:\\\/\\\/xn--kntjmestari-l8aacb.fi\\\/km\\\/wp-content\\\/uploads\\\/2024\\\/10\\\/ENL_logo_MV.png\",\"width\":397,\"height\":397},{\"@type\":\"BreadcrumbList\",\"@id\":\"https:\\\/\\\/xn--kntjmestari-l8aacb.fi\\\/km\\\/pohjoismaisen-englannin-aarella-turussa\\\/#breadcrumb\",\"itemListElement\":[{\"@type\":\"ListItem\",\"position\":1,\"name\":\"Etusivu\",\"item\":\"https:\\\/\\\/xn--kntjmestari-l8aacb.fi\\\/km\\\/\"},{\"@type\":\"ListItem\",\"position\":2,\"name\":\"Pohjoismaisen englannin \u00e4\u00e4rell\u00e4 turussa\"}]},{\"@type\":\"WebSite\",\"@id\":\"https:\\\/\\\/xn--kntjmestari-l8aacb.fi\\\/km\\\/#website\",\"url\":\"https:\\\/\\\/xn--kntjmestari-l8aacb.fi\\\/km\\\/\",\"name\":\"K\u00e4\u00e4nt\u00e4j\u00e4mestarin kirja\",\"description\":\"k\u00e4yt\u00e4nn\u00f6n opas aloitteleville k\u00e4\u00e4nt\u00e4jille ja tulkeille\",\"publisher\":{\"@id\":\"https:\\\/\\\/xn--kntjmestari-l8aacb.fi\\\/km\\\/#organization\"},\"potentialAction\":[{\"@type\":\"SearchAction\",\"target\":{\"@type\":\"EntryPoint\",\"urlTemplate\":\"https:\\\/\\\/xn--kntjmestari-l8aacb.fi\\\/km\\\/?s={search_term_string}\"},\"query-input\":{\"@type\":\"PropertyValueSpecification\",\"valueRequired\":true,\"valueName\":\"search_term_string\"}}],\"inLanguage\":\"fi\"},{\"@type\":\"Organization\",\"@id\":\"https:\\\/\\\/xn--kntjmestari-l8aacb.fi\\\/km\\\/#organization\",\"name\":\"K\u00e4\u00e4nt\u00e4j\u00e4mestarit\",\"url\":\"https:\\\/\\\/xn--kntjmestari-l8aacb.fi\\\/km\\\/\",\"logo\":{\"@type\":\"ImageObject\",\"inLanguage\":\"fi\",\"@id\":\"https:\\\/\\\/xn--kntjmestari-l8aacb.fi\\\/km\\\/#\\\/schema\\\/logo\\\/image\\\/\",\"url\":\"https:\\\/\\\/xn--kntjmestari-l8aacb.fi\\\/km\\\/wp-content\\\/uploads\\\/2021\\\/12\\\/logo.jpg\",\"contentUrl\":\"https:\\\/\\\/xn--kntjmestari-l8aacb.fi\\\/km\\\/wp-content\\\/uploads\\\/2021\\\/12\\\/logo.jpg\",\"width\":509,\"height\":530,\"caption\":\"K\u00e4\u00e4nt\u00e4j\u00e4mestarit\"},\"image\":{\"@id\":\"https:\\\/\\\/xn--kntjmestari-l8aacb.fi\\\/km\\\/#\\\/schema\\\/logo\\\/image\\\/\"}},{\"@type\":\"Person\",\"@id\":\"https:\\\/\\\/xn--kntjmestari-l8aacb.fi\\\/km\\\/#\\\/schema\\\/person\\\/da7d58d8c8100f76bcf6eb554d0ebe91\",\"name\":\"Anna M\u00e4ntynen\",\"image\":{\"@type\":\"ImageObject\",\"inLanguage\":\"fi\",\"@id\":\"https:\\\/\\\/secure.gravatar.com\\\/avatar\\\/7fb46d0fe9184bba49c15b9caa85ef2d631c27a206dd3ee146d840632b1e734d?s=96&d=mm&r=g\",\"url\":\"https:\\\/\\\/secure.gravatar.com\\\/avatar\\\/7fb46d0fe9184bba49c15b9caa85ef2d631c27a206dd3ee146d840632b1e734d?s=96&d=mm&r=g\",\"contentUrl\":\"https:\\\/\\\/secure.gravatar.com\\\/avatar\\\/7fb46d0fe9184bba49c15b9caa85ef2d631c27a206dd3ee146d840632b1e734d?s=96&d=mm&r=g\",\"caption\":\"Anna M\u00e4ntynen\"},\"url\":\"https:\\\/\\\/xn--kntjmestari-l8aacb.fi\\\/km\\\/author\\\/annatranslato-fi\\\/\"}]}<\/script>\n<!-- \/ Yoast SEO plugin. -->","yoast_head_json":{"title":"Pohjoismaisen englannin \u00e4\u00e4rell\u00e4 turussa - K\u00e4\u00e4nt\u00e4j\u00e4mestarin kirja","description":"Turkuun kokoontui loppukes\u00e4st\u00e4 englannin k\u00e4ytt\u00e4ji\u00e4 ja ammattilaisia eri Pohjoismaista. Lue K\u00e4\u00e4nt\u00e4j\u00e4mestarin kokemukset kiinnostavasta konferenssista!","robots":{"index":"index","follow":"follow","max-snippet":"max-snippet:-1","max-image-preview":"max-image-preview:large","max-video-preview":"max-video-preview:-1"},"canonical":"https:\/\/xn--kntjmestari-l8aacb.fi\/km\/pohjoismaisen-englannin-aarella-turussa\/","og_locale":"fi_FI","og_type":"article","og_title":"Pohjoismaisen englannin \u00e4\u00e4rell\u00e4 Turussa","og_description":"Turkuun kokoontui loppukes\u00e4st\u00e4 englannin k\u00e4ytt\u00e4ji\u00e4 ja ammattilaisia eri Pohjoismaista. Lue K\u00e4\u00e4nt\u00e4j\u00e4mestarin kokemukset kiinnostavasta konferenssista!","og_url":"https:\/\/xn--kntjmestari-l8aacb.fi\/km\/pohjoismaisen-englannin-aarella-turussa\/","og_site_name":"K\u00e4\u00e4nt\u00e4j\u00e4mestarin kirja","article_published_time":"2024-10-18T06:00:00+00:00","og_image":[{"width":397,"height":397,"url":"https:\/\/xn--kntjmestari-l8aacb.fi\/km\/wp-content\/uploads\/2024\/10\/ENL_logo_MV.png","type":"image\/png"}],"author":"Anna M\u00e4ntynen","twitter_card":"summary_large_image","twitter_title":"Pohjoismaisen englannin \u00e4\u00e4rell\u00e4 Turussa","twitter_description":"Turkuun kokoontui loppukes\u00e4st\u00e4 englannin k\u00e4ytt\u00e4ji\u00e4 ja ammattilaisia eri Pohjoismaista. Lue K\u00e4\u00e4nt\u00e4j\u00e4mestarin kokemukset kiinnostavasta konferenssista!","twitter_image":"https:\/\/xn--kntjmestari-l8aacb.fi\/km\/wp-content\/uploads\/2024\/10\/ENL_logo_MV.png","twitter_misc":{"Kirjoittanut":"Anna M\u00e4ntynen","Arvioitu lukuaika":"5 minuuttia"},"schema":{"@context":"https:\/\/schema.org","@graph":[{"@type":"Article","@id":"https:\/\/xn--kntjmestari-l8aacb.fi\/km\/pohjoismaisen-englannin-aarella-turussa\/#article","isPartOf":{"@id":"https:\/\/xn--kntjmestari-l8aacb.fi\/km\/pohjoismaisen-englannin-aarella-turussa\/"},"author":{"name":"Anna M\u00e4ntynen","@id":"https:\/\/xn--kntjmestari-l8aacb.fi\/km\/#\/schema\/person\/da7d58d8c8100f76bcf6eb554d0ebe91"},"headline":"Pohjoismaisen englannin \u00e4\u00e4rell\u00e4 turussa","datePublished":"2024-10-18T06:00:00+00:00","mainEntityOfPage":{"@id":"https:\/\/xn--kntjmestari-l8aacb.fi\/km\/pohjoismaisen-englannin-aarella-turussa\/"},"wordCount":959,"publisher":{"@id":"https:\/\/xn--kntjmestari-l8aacb.fi\/km\/#organization"},"image":{"@id":"https:\/\/xn--kntjmestari-l8aacb.fi\/km\/pohjoismaisen-englannin-aarella-turussa\/#primaryimage"},"thumbnailUrl":"https:\/\/xn--kntjmestari-l8aacb.fi\/km\/wp-content\/uploads\/2024\/10\/ENL_logo_MV.png","keywords":["asiakastekstit","k\u00e4ytett\u00e4vyys","saavutettavuus","selke\u00e4 kieli"],"articleSection":["Blogi","Vieraskyn\u00e4"],"inLanguage":"fi"},{"@type":"WebPage","@id":"https:\/\/xn--kntjmestari-l8aacb.fi\/km\/pohjoismaisen-englannin-aarella-turussa\/","url":"https:\/\/xn--kntjmestari-l8aacb.fi\/km\/pohjoismaisen-englannin-aarella-turussa\/","name":"Pohjoismaisen englannin \u00e4\u00e4rell\u00e4 turussa - K\u00e4\u00e4nt\u00e4j\u00e4mestarin kirja","isPartOf":{"@id":"https:\/\/xn--kntjmestari-l8aacb.fi\/km\/#website"},"primaryImageOfPage":{"@id":"https:\/\/xn--kntjmestari-l8aacb.fi\/km\/pohjoismaisen-englannin-aarella-turussa\/#primaryimage"},"image":{"@id":"https:\/\/xn--kntjmestari-l8aacb.fi\/km\/pohjoismaisen-englannin-aarella-turussa\/#primaryimage"},"thumbnailUrl":"https:\/\/xn--kntjmestari-l8aacb.fi\/km\/wp-content\/uploads\/2024\/10\/ENL_logo_MV.png","datePublished":"2024-10-18T06:00:00+00:00","description":"Turkuun kokoontui loppukes\u00e4st\u00e4 englannin k\u00e4ytt\u00e4ji\u00e4 ja ammattilaisia eri Pohjoismaista. Lue K\u00e4\u00e4nt\u00e4j\u00e4mestarin kokemukset kiinnostavasta konferenssista!","breadcrumb":{"@id":"https:\/\/xn--kntjmestari-l8aacb.fi\/km\/pohjoismaisen-englannin-aarella-turussa\/#breadcrumb"},"inLanguage":"fi","potentialAction":[{"@type":"ReadAction","target":["https:\/\/xn--kntjmestari-l8aacb.fi\/km\/pohjoismaisen-englannin-aarella-turussa\/"]}]},{"@type":"ImageObject","inLanguage":"fi","@id":"https:\/\/xn--kntjmestari-l8aacb.fi\/km\/pohjoismaisen-englannin-aarella-turussa\/#primaryimage","url":"https:\/\/xn--kntjmestari-l8aacb.fi\/km\/wp-content\/uploads\/2024\/10\/ENL_logo_MV.png","contentUrl":"https:\/\/xn--kntjmestari-l8aacb.fi\/km\/wp-content\/uploads\/2024\/10\/ENL_logo_MV.png","width":397,"height":397},{"@type":"BreadcrumbList","@id":"https:\/\/xn--kntjmestari-l8aacb.fi\/km\/pohjoismaisen-englannin-aarella-turussa\/#breadcrumb","itemListElement":[{"@type":"ListItem","position":1,"name":"Etusivu","item":"https:\/\/xn--kntjmestari-l8aacb.fi\/km\/"},{"@type":"ListItem","position":2,"name":"Pohjoismaisen englannin \u00e4\u00e4rell\u00e4 turussa"}]},{"@type":"WebSite","@id":"https:\/\/xn--kntjmestari-l8aacb.fi\/km\/#website","url":"https:\/\/xn--kntjmestari-l8aacb.fi\/km\/","name":"K\u00e4\u00e4nt\u00e4j\u00e4mestarin kirja","description":"k\u00e4yt\u00e4nn\u00f6n opas aloitteleville k\u00e4\u00e4nt\u00e4jille ja tulkeille","publisher":{"@id":"https:\/\/xn--kntjmestari-l8aacb.fi\/km\/#organization"},"potentialAction":[{"@type":"SearchAction","target":{"@type":"EntryPoint","urlTemplate":"https:\/\/xn--kntjmestari-l8aacb.fi\/km\/?s={search_term_string}"},"query-input":{"@type":"PropertyValueSpecification","valueRequired":true,"valueName":"search_term_string"}}],"inLanguage":"fi"},{"@type":"Organization","@id":"https:\/\/xn--kntjmestari-l8aacb.fi\/km\/#organization","name":"K\u00e4\u00e4nt\u00e4j\u00e4mestarit","url":"https:\/\/xn--kntjmestari-l8aacb.fi\/km\/","logo":{"@type":"ImageObject","inLanguage":"fi","@id":"https:\/\/xn--kntjmestari-l8aacb.fi\/km\/#\/schema\/logo\/image\/","url":"https:\/\/xn--kntjmestari-l8aacb.fi\/km\/wp-content\/uploads\/2021\/12\/logo.jpg","contentUrl":"https:\/\/xn--kntjmestari-l8aacb.fi\/km\/wp-content\/uploads\/2021\/12\/logo.jpg","width":509,"height":530,"caption":"K\u00e4\u00e4nt\u00e4j\u00e4mestarit"},"image":{"@id":"https:\/\/xn--kntjmestari-l8aacb.fi\/km\/#\/schema\/logo\/image\/"}},{"@type":"Person","@id":"https:\/\/xn--kntjmestari-l8aacb.fi\/km\/#\/schema\/person\/da7d58d8c8100f76bcf6eb554d0ebe91","name":"Anna M\u00e4ntynen","image":{"@type":"ImageObject","inLanguage":"fi","@id":"https:\/\/secure.gravatar.com\/avatar\/7fb46d0fe9184bba49c15b9caa85ef2d631c27a206dd3ee146d840632b1e734d?s=96&d=mm&r=g","url":"https:\/\/secure.gravatar.com\/avatar\/7fb46d0fe9184bba49c15b9caa85ef2d631c27a206dd3ee146d840632b1e734d?s=96&d=mm&r=g","contentUrl":"https:\/\/secure.gravatar.com\/avatar\/7fb46d0fe9184bba49c15b9caa85ef2d631c27a206dd3ee146d840632b1e734d?s=96&d=mm&r=g","caption":"Anna M\u00e4ntynen"},"url":"https:\/\/xn--kntjmestari-l8aacb.fi\/km\/author\/annatranslato-fi\/"}]}},"_links":{"self":[{"href":"https:\/\/xn--kntjmestari-l8aacb.fi\/km\/wp-json\/wp\/v2\/posts\/1625","targetHints":{"allow":["GET"]}}],"collection":[{"href":"https:\/\/xn--kntjmestari-l8aacb.fi\/km\/wp-json\/wp\/v2\/posts"}],"about":[{"href":"https:\/\/xn--kntjmestari-l8aacb.fi\/km\/wp-json\/wp\/v2\/types\/post"}],"author":[{"embeddable":true,"href":"https:\/\/xn--kntjmestari-l8aacb.fi\/km\/wp-json\/wp\/v2\/users\/7"}],"replies":[{"embeddable":true,"href":"https:\/\/xn--kntjmestari-l8aacb.fi\/km\/wp-json\/wp\/v2\/comments?post=1625"}],"version-history":[{"count":1,"href":"https:\/\/xn--kntjmestari-l8aacb.fi\/km\/wp-json\/wp\/v2\/posts\/1625\/revisions"}],"predecessor-version":[{"id":1630,"href":"https:\/\/xn--kntjmestari-l8aacb.fi\/km\/wp-json\/wp\/v2\/posts\/1625\/revisions\/1630"}],"wp:featuredmedia":[{"embeddable":true,"href":"https:\/\/xn--kntjmestari-l8aacb.fi\/km\/wp-json\/wp\/v2\/media\/1628"}],"wp:attachment":[{"href":"https:\/\/xn--kntjmestari-l8aacb.fi\/km\/wp-json\/wp\/v2\/media?parent=1625"}],"wp:term":[{"taxonomy":"category","embeddable":true,"href":"https:\/\/xn--kntjmestari-l8aacb.fi\/km\/wp-json\/wp\/v2\/categories?post=1625"},{"taxonomy":"post_tag","embeddable":true,"href":"https:\/\/xn--kntjmestari-l8aacb.fi\/km\/wp-json\/wp\/v2\/tags?post=1625"}],"curies":[{"name":"wp","href":"https:\/\/api.w.org\/{rel}","templated":true}]}}