{"id":1653,"date":"2024-12-09T10:54:53","date_gmt":"2024-12-09T08:54:53","guid":{"rendered":"https:\/\/xn--kntjmestari-l8aacb.fi\/km\/?p=1653"},"modified":"2024-12-09T12:22:43","modified_gmt":"2024-12-09T10:22:43","slug":"syksyn-konferenssikuulumisia-miten-ala-makaa","status":"publish","type":"post","link":"https:\/\/xn--kntjmestari-l8aacb.fi\/km\/syksyn-konferenssikuulumisia-miten-ala-makaa\/","title":{"rendered":"Syksyn konferenssikuulumisia \u2013 miten ala makaa?"},"content":{"rendered":"<p>[et_pb_section][et_pb_row][et_pb_column type=&#8221;4_4&#8243;][et_pb_text]<!-- divi:paragraph {\"style\":{\"elements\":{\"link\":{\"color\":{\"text\":\"var:preset|color|vivid-cyan-blue\"}}}},\"textColor\":\"vivid-cyan-blue\"} --><\/p>\n<p class=\"has-vivid-cyan-blue-color has-text-color has-link-color\" id=\"block-d20f8d89-49ec-4232-8c5d-f60fc0479f6e\">Mili Viita, K\u00e4\u00e4nt\u00e4j\u00e4mestarit ry<\/p>\n<p><!-- \/divi:paragraph --><\/p>\n<p><!-- divi:heading {\"level\":4} --><\/p>\n<h4 class=\"wp-block-heading\"><a href=\"https:\/\/www.ntif.se\/\"><strong>Nordic Translation and Interpretation Forum (NTIF)<\/strong><\/a><strong>, Malm\u00f6, 18.\u201320.11.2024<\/strong><\/h4>\n<p><!-- \/divi:heading --><\/p>\n<p><!-- divi:paragraph --><\/p>\n<p>Osallistuin NTIF:\u00e4\u00e4n viimeksi kaksi vuotta sitten. Lue tuon konferenssin kuulumiset ja NTIF:n tarkempi kuvaus aiemmasta<a href=\"https:\/\/k\u00e4\u00e4nt\u00e4j\u00e4mestari.fi\/km\/syksyn-konferenssisatoa\/\" target=\"_blank\" rel=\"noreferrer noopener\"> blogikirjoituksestamme<\/a>. Tuolloin alan tilanne oli hyvin erilainen kuin nyt, sill\u00e4 ChatGPT:t\u00e4 ei viel\u00e4 ollut lanseerattu eik\u00e4 nykyinen teko\u00e4lykiima ollut viel\u00e4 alkanut. T\u00e4n\u00e4 vuonna konferenssin teema oli Human Relevance.<\/p>\n<p><!-- \/divi:paragraph --><\/p>\n<p><!-- divi:paragraph --><\/p>\n<p>T\u00e4ll\u00e4 kertaa l\u00e4hdinkin konferenssiin teollisuusvakoilumieless\u00e4: halusin tiet\u00e4\u00e4, mit\u00e4 alalle ja erityisesti sen isoille toimijoille kuuluu. Yll\u00e4tyin siit\u00e4, ett\u00e4 kaikkein suurimmat alan toimijat loistivat poissaolollaan. Paikalla oli l\u00e4hinn\u00e4 keskikokoisten pohjoismaisten k\u00e4\u00e4nn\u00f6stoimistojen edustajia ja jonkin verran meit\u00e4 yksinyritt\u00e4ji\u00e4.<\/p>\n<p><!-- \/divi:paragraph --><\/p>\n<p><!-- divi:paragraph --><\/p>\n<p>Esitysten aiheet py\u00f6riv\u00e4t pitk\u00e4lti teko\u00e4lyn ja teknisten ratkaisujen ymp\u00e4rill\u00e4. Puhuttiin innovaatioiden tarpeellisuudesta. Tunnelma oli nyt hyvin erilainen kuin toissa vuonna: kaikki ovat selv\u00e4sti huolissaan alan tulevaisuudesta \u2013 k\u00e4\u00e4nt\u00e4j\u00e4n ammatti sellaisena kuin sen olemme tunteneet on mennytt\u00e4 eik\u00e4 paluuta entiseen ole.<\/p>\n<p><!-- \/divi:paragraph --><\/p>\n<p><!-- divi:paragraph --><\/p>\n<p><strong>Tarvitaanko ihmisk\u00e4\u00e4nt\u00e4ji\u00e4 en\u00e4\u00e4?<\/strong><\/p>\n<p><!-- \/divi:paragraph --><\/p>\n<p><!-- divi:paragraph --><\/p>\n<p>Jotkin k\u00e4\u00e4nn\u00f6salan toimijat ovat viime aikoina kehitt\u00e4neet uutta palvelutarjontaa, jossa ihmisk\u00e4\u00e4nt\u00e4ji\u00e4 ei en\u00e4\u00e4 tarvita tai jossa me ihmisk\u00e4\u00e4nt\u00e4j\u00e4t olemme korkeintaan valinnainen sivuhuomautus (ks. alla oleva kuva). T\u00e4llaista palvelua tarjoavat monet isot ja keskisuuret k\u00e4\u00e4nn\u00f6stoimistot. T\u00e4ss\u00e4 Acoladin palvelukuvauksessa palvelun sis\u00e4lt\u00f6 on mielest\u00e4ni kiteytetty selkeimmin:<\/p>\n<p><!-- \/divi:paragraph --><\/p>\n<p><!-- divi:image {\"lightbox\":{\"enabled\":true},\"id\":1659,\"sizeSlug\":\"large\",\"linkDestination\":\"none\"} --><\/p>\n<figure class=\"wp-block-image size-large\"><img loading=\"lazy\" decoding=\"async\" width=\"1024\" height=\"519\" src=\"https:\/\/xn--kntjmestari-l8aacb.fi\/km\/wp-content\/uploads\/2024\/12\/Acolad-1024x519.png\" alt=\"\" class=\"wp-image-1659\" srcset=\"https:\/\/xn--kntjmestari-l8aacb.fi\/km\/wp-content\/uploads\/2024\/12\/Acolad-980x497.png 980w, https:\/\/xn--kntjmestari-l8aacb.fi\/km\/wp-content\/uploads\/2024\/12\/Acolad-480x243.png 480w\" sizes=\"(min-width: 0px) and (max-width: 480px) 480px, (min-width: 481px) and (max-width: 980px) 980px, (min-width: 981px) 1024px, 100vw\" \/><\/figure>\n<p><!-- \/divi:image --><\/p>\n<p><!-- divi:paragraph --><\/p>\n<p>L\u00e4hde:<a href=\"https:\/\/www.acolad.com\/fi\/services\/kaannokset\/konekaannokset.html\" target=\"_blank\" rel=\"noreferrer noopener\"> Acoladin automatisoitu k\u00e4\u00e4nn\u00f6sty\u00f6nkulku<\/a><\/p>\n<p><!-- \/divi:paragraph --><\/p>\n<p><!-- divi:paragraph --><\/p>\n<p><strong>Laimeaa innovointipuhetta<\/strong><\/p>\n<p><!-- \/divi:paragraph --><\/p>\n<p><!-- divi:paragraph --><\/p>\n<p>Osallistuin NTIF:ss\u00e4 think tankiin, jonka aiheena oli innovointi ja jonka moderaattorina toimi<a href=\"https:\/\/www.linkedin.com\/in\/robert-etches\/\" target=\"_blank\" rel=\"noreferrer noopener\"> Robert Etches<\/a>. Odotin sessiolta villi\u00e4 ja rohkeaa ideointia alan tuleviksi palveluiksi. Osallistujat olivat kuitenkin sen verran varautuneita, ett\u00e4 keskustelu j\u00e4i melko pintapuoliseksi. Kiinnostavaa sekin toki oli.<\/p>\n<p><!-- \/divi:paragraph --><\/p>\n<p><!-- divi:paragraph --><\/p>\n<p><strong>Toivon pilkahduksia<\/strong><\/p>\n<p><!-- \/divi:paragraph --><\/p>\n<p><!-- divi:paragraph --><\/p>\n<p>Minulle NTIF:n ohjelman parhaaseen antiin kuului walesilaisen<a href=\"https:\/\/www.linkedin.com\/in\/alun-gruffydd-a8a601284\/\"> Alun <\/a><a href=\"https:\/\/www.linkedin.com\/in\/alun-gruffydd-a8a601284\/\" target=\"_blank\" rel=\"noreferrer noopener\">Gruffyddin<\/a> kymrin kielen asemaa k\u00e4sittelev\u00e4 esitys. Gruffydd kertoi, miten kymrin kielen osaamista ja oppimista kehitet\u00e4\u00e4n ja edistet\u00e4\u00e4n sek\u00e4 miten t\u00e4rke\u00e4ss\u00e4 asemassa ihmisk\u00e4\u00e4nt\u00e4j\u00e4t ja kymrin kielen asiantuntijat siin\u00e4 ovat. Esitys oli t\u00e4rke\u00e4 muistutus kielen ja kulttuurin vaalimisen t\u00e4rkeydest\u00e4.<\/p>\n<p><!-- \/divi:paragraph --><\/p>\n<p><!-- divi:paragraph --><\/p>\n<p>Toivoa ihmisk\u00e4\u00e4nt\u00e4jille antoivat my\u00f6s<a href=\"https:\/\/www.vinted.fi\/\" target=\"_blank\" rel=\"noreferrer noopener\"> Vintedin<\/a> lokalisointiyksikk\u00f6\u00e4 edustaneet<a href=\"https:\/\/www.linkedin.com\/in\/martinapancot\/\" target=\"_blank\" rel=\"noreferrer noopener\"> Martina Pancot<\/a> and<a href=\"https:\/\/www.linkedin.com\/in\/justina-dolgovi%C4%8Dien%C4%97-0b9768116\/\" target=\"_blank\" rel=\"noreferrer noopener\"> Justina Dolgovi\u010dien\u0117<\/a>. He kertoivat, miten kuluttajien v\u00e4liseen k\u00e4ytetyn tavaran kauppaan tarkoitetun alustan k\u00e4\u00e4nn\u00f6stoiminta hoidetaan. Vintedill\u00e4 on omat freelance-k\u00e4\u00e4nt\u00e4j\u00e4t, jotka tekev\u00e4t yrityksen n\u00e4kyvimm\u00e4t sis\u00e4ll\u00f6t: markkinointitekstit, tuotetekstit, palvelukuvaukset, k\u00e4ytt\u00f6liittym\u00e4n tekstit ja vastaavat. K\u00e4\u00e4nn\u00f6stoimistoja Vinted k\u00e4ytt\u00e4\u00e4 v\u00e4hemm\u00e4n n\u00e4kyviin teksteihin, kuten tietosuojaselosteisiin ja vastaaviin.<\/p>\n<p><!-- \/divi:paragraph --><\/p>\n<p><!-- divi:paragraph --><\/p>\n<p>Pancot ja Dolgovi\u010dien\u0117 avasivat paitsi k\u00e4\u00e4nn\u00f6sprosesseja my\u00f6s prosesseihin liittyneit\u00e4 haasteita ja niiden ratkaisuja, teko\u00e4lyn ja konek\u00e4\u00e4ntimien k\u00e4ytt\u00f6\u00e4 sek\u00e4 eri ratkaisujen k\u00e4ytt\u00f6\u00f6n kuluvaa ty\u00f6aikaa. Kiinnostava \u2013 joskaan ei yll\u00e4tt\u00e4v\u00e4 \u2013 l\u00f6yd\u00f6s oli, ett\u00e4 teko\u00e4lyn tekem\u00e4t tai k\u00e4\u00e4nt\u00e4m\u00e4t tekstit eiv\u00e4t v\u00e4ltt\u00e4m\u00e4tt\u00e4 nopeuta ty\u00f6skentely\u00e4. K\u00e4\u00e4nt\u00e4j\u00e4t n\u00e4hd\u00e4\u00e4n aitoina kumppaneina, joiden mielipiteit\u00e4 arvostetaan ja joiden palautetta paitsi itse k\u00e4\u00e4nn\u00f6sprosessista my\u00f6s verkkokauppa-alustan sis\u00e4ll\u00f6st\u00e4 kuullaan.<\/p>\n<p><!-- \/divi:paragraph --><\/p>\n<p><!-- divi:paragraph --><\/p>\n<p><strong>Miten ala sitten makaa?<\/strong><\/p>\n<p><!-- \/divi:paragraph --><\/p>\n<p><!-- divi:paragraph --><\/p>\n<p>Konferenssin lopuksi oli vuorossa<a href=\"https:\/\/slator.com\/\" target=\"_blank\" rel=\"noreferrer noopener\"> Slatoria<\/a> edustaneen<a href=\"https:\/\/www.linkedin.com\/in\/florianfaes\/\" target=\"_blank\" rel=\"noreferrer noopener\"> Florian Faesin<\/a> esitys kielipalvelualan tilasta. Faes esitteli koosteen Slatorin Translation as a Feature (TaaF) -raportista eli yritysten ohjelmistoihinsa lanseeraamista k\u00e4\u00e4nn\u00f6ksi\u00e4 tarjoavista teko\u00e4lytoiminnoista. Yksi esimerkki on<a href=\"https:\/\/help.dropbox.com\/view-edit\/translate-files\" target=\"_blank\" rel=\"noreferrer noopener\"> Dropboxin lanseeraama k\u00e4\u00e4nn\u00f6stoiminto<\/a>, jolla voi k\u00e4\u00e4nt\u00e4\u00e4 Dropboxiin ladattuja tiedostoja kielelt\u00e4 toiselle.<\/p>\n<p><!-- \/divi:paragraph --><\/p>\n<p><!-- divi:paragraph --><\/p>\n<p>Vaikka Faes totesikin, ett\u00e4 perinteinen k\u00e4\u00e4nt\u00e4minen on kuollut, h\u00e4n valoi silti uskoa siihen, ett\u00e4 meill\u00e4 ihmisill\u00e4kin on viel\u00e4 teht\u00e4v\u00e4\u00e4 alalla. Se vain vaatii osaamisen ja palveluvalikoiman kehitt\u00e4mist\u00e4 asiakkaiden toivomaan suuntaan sek\u00e4 tietysti uusien asiakkaiden l\u00f6yt\u00e4mist\u00e4.<\/p>\n<p><!-- \/divi:paragraph --><\/p>\n<p><!-- divi:paragraph --><\/p>\n<p>Konferenssimatka oli kaikkinensa antoisa, ja nyt p\u00e4\u00e4ss\u00e4 surraa kaikenlaisia ajatuksia, jotka pit\u00e4isi ensin saada asettumaan suunnitelmien muotoon ja sitten toteutettua. Vaikka tunteet meniv\u00e4t konferenssin aikana laidasta laitaan, p\u00e4\u00e4llimm\u00e4iseksi j\u00e4iv\u00e4t toivo ja tahto kehitt\u00e4\u00e4 omaa liiketoimintaa.<\/p>\n<p><!-- \/divi:paragraph --><\/p>\n<p><!-- divi:paragraph --><\/p>\n<p><em>Artikkelikuva: NTIF \/ Martina W\u00e4renfeldt<\/em><\/p>\n<p><!-- \/divi:paragraph --><\/p>\n<p><!-- divi:paragraph --><\/p>\n<p><em>Konferenssitunnelmiin ja -sis\u00e4lt\u00f6ihin voit tutustua my\u00f6s <a href=\"https:\/\/www.facebook.com\/media\/set\/?vanity=NTIF2024&amp;set=a.1223315935967280\" target=\"_blank\" rel=\"noreferrer noopener\">NTIF:n Facebook-sivuilla<\/a> Redanredan Oy:n Linda Saukko-Raudan livekuvitusten avulla (vaatii kirjautumisen)!<\/em><\/p>\n<p><!-- \/divi:paragraph -->[\/et_pb_text][\/et_pb_column][\/et_pb_row][\/et_pb_section][et_pb_section fb_built=&#8221;1&#8243; _builder_version=&#8221;4.17.4&#8243; _module_preset=&#8221;default&#8221; background_color=&#8221;#eff1ff&#8221; custom_margin=&#8221;40px||40px||false|false&#8221; custom_padding=&#8221;20px|40px|20px|40px|false|false&#8221; global_colors_info=&#8221;{}&#8221;][et_pb_row column_structure=&#8221;1_3,2_3&#8243; use_custom_gutter=&#8221;on&#8221; gutter_width=&#8221;2&#8243; _builder_version=&#8221;4.17.4&#8243; _module_preset=&#8221;default&#8221; width=&#8221;100%&#8221; max_width=&#8221;100%&#8221; global_colors_info=&#8221;{}&#8221;][et_pb_column type=&#8221;1_3&#8243; _builder_version=&#8221;4.17.4&#8243; _module_preset=&#8221;default&#8221; global_colors_info=&#8221;{}&#8221;][et_pb_image src=&#8221;https:\/\/xn--kntjmestari-l8aacb.fi\/km\/wp-content\/uploads\/2022\/12\/Mili_Viita_kuva.jpg&#8221; title_text=&#8221;Mili_Viita_kuva&#8221; _builder_version=&#8221;4.27.2&#8243; _module_preset=&#8221;default&#8221; hover_enabled=&#8221;0&#8243; border_radii=&#8221;on|5px|5px|5px|5px&#8221; global_colors_info=&#8221;{}&#8221; sticky_enabled=&#8221;0&#8243;][\/et_pb_image][\/et_pb_column][et_pb_column type=&#8221;2_3&#8243; _builder_version=&#8221;4.17.4&#8243; _module_preset=&#8221;default&#8221; global_colors_info=&#8221;{}&#8221;][et_pb_team_member name=&#8221;Mili Viita&#8221; position=&#8221;K\u00e4\u00e4nt\u00e4j\u00e4&#8221; linkedin_url=&#8221;https:\/\/www.linkedin.com\/in\/miliviita\/&#8221; icon_color=&#8221;#005801&#8243; use_icon_font_size=&#8221;on&#8221; icon_font_size=&#8221;22px&#8221; _builder_version=&#8221;4.27.2&#8243; _module_preset=&#8221;default&#8221; header_level=&#8221;h2&#8243; body_text_color=&#8221;#000000&#8243; body_font_size=&#8221;14px&#8221; body_line_height=&#8221;1.5em&#8221; position_font=&#8221;|800|on||||||&#8221; position_text_color=&#8221;#005801&#8243; background_color=&#8221;RGBA(255,255,255,0)&#8221; text_orientation=&#8221;left&#8221; module_alignment=&#8221;center&#8221; hover_enabled=&#8221;0&#8243; custom_css_main_element=&#8221;border-radius:20px;&#8221; custom_css_member_image=&#8221;margin-bottom:35px;&#8221; border_radii_image=&#8221;on|5px|5px|5px|5px&#8221; border_color_all_image=&#8221;RGBA(255,255,255,0)&#8221; box_shadow_style_image=&#8221;preset1&#8243; global_colors_info=&#8221;{}&#8221; sticky_enabled=&#8221;0&#8243;]<\/p>\n<p><span>Mili Viita on yksi K\u00e4\u00e4nt\u00e4j\u00e4mestarin kirjan tekij\u00f6ist\u00e4, markkinointiin erikoistunut asiatekstink\u00e4\u00e4nt\u00e4j\u00e4 ja iloisen yritt\u00e4jyyden evankelista. Milill\u00e4 on kokemusta sek\u00e4 k\u00e4\u00e4nn\u00f6stoimistosta ty\u00f6skentelyst\u00e4 ett\u00e4 yritt\u00e4jyydest\u00e4. Erityisen l\u00e4hell\u00e4 Milin syd\u00e4nt\u00e4 on asiakasl\u00e4ht\u00f6isyys, ja Mili pyrkiikin tekem\u00e4\u00e4n kielipalvelualasta paremman niin sill\u00e4 toimiville asiantuntijoille kuin heid\u00e4n asiakkailleen.<\/span><\/p>\n<p>[\/et_pb_team_member][\/et_pb_column][\/et_pb_row][\/et_pb_section]<\/p>\n","protected":false},"excerpt":{"rendered":"<p><div class=\"et_pb_section et_pb_section_0 et_section_regular\" >\n\t\t\t\t\n\t\t\t\t\n\t\t\t\t\n\t\t\t\t\n\t\t\t\t\n\t\t\t\t\n\t\t\t\t\n\t\t\t\t\n\t\t\t\t\n\t\t\t<\/div><div class=\"et_pb_row et_pb_row_0 et_pb_row_empty\">\n\t\t\t\t\n\t\t\t\t\n\t\t\t\t\n\t\t\t\t\n\t\t\t\t\n\t\t\t<\/div><div class=\"et_pb_module et_pb_text et_pb_text_0  et_pb_text_align_left et_pb_bg_layout_light\">\n\t\t\t\t\n\t\t\t\t\n\t\t\t\t\n\t\t\t\t\n\t\t\t\t\n\t\t\t<\/div> Mili Viita, K\u00e4\u00e4nt\u00e4j\u00e4mestarit ry Nordic Translation and Interpretation Forum (NTIF), Malm\u00f6, 18.\u201320.11.2024 Osallistuin NTIF:\u00e4\u00e4n viimeksi kaksi vuotta sitten. Lue tuon konferenssin kuulumiset ja NTIF:n tarkempi kuvaus aiemmasta blogikirjoituksestamme. Tuolloin alan tilanne oli hyvin erilainen kuin nyt, sill\u00e4 ChatGPT:t\u00e4 ei viel\u00e4 ollut lanseerattu eik\u00e4 nykyinen teko\u00e4lykiima ollut viel\u00e4 alkanut. T\u00e4n\u00e4 vuonna konferenssin teema oli Human [&hellip;]<\/p>\n","protected":false},"author":7,"featured_media":1655,"comment_status":"closed","ping_status":"closed","sticky":false,"template":"","format":"standard","meta":{"_et_pb_use_builder":"on","_et_pb_old_content":"<!-- wp:paragraph {\"style\":{\"elements\":{\"link\":{\"color\":{\"text\":\"var:preset|color|vivid-cyan-blue\"}}}},\"textColor\":\"vivid-cyan-blue\"} -->\n<p class=\"has-vivid-cyan-blue-color has-text-color has-link-color\" id=\"block-d20f8d89-49ec-4232-8c5d-f60fc0479f6e\">Mili Viita, K\u00e4\u00e4nt\u00e4j\u00e4mestarit ry<\/p>\n<!-- \/wp:paragraph -->\n\n<!-- wp:heading {\"level\":4} -->\n<h4 class=\"wp-block-heading\"><a href=\"https:\/\/www.ntif.se\/\"><strong>Nordic Translation and Interpretation Forum (NTIF)<\/strong><\/a><strong>, Malm\u00f6, 18.\u201320.11.2024<\/strong><\/h4>\n<!-- \/wp:heading -->\n\n<!-- wp:paragraph -->\n<p>Osallistuin NTIF:\u00e4\u00e4n viimeksi kaksi vuotta sitten. Lue tuon konferenssin kuulumiset ja NTIF:n tarkempi kuvaus aiemmasta<a href=\"https:\/\/k\u00e4\u00e4nt\u00e4j\u00e4mestari.fi\/km\/syksyn-konferenssisatoa\/\" target=\"_blank\" rel=\"noreferrer noopener\"> blogikirjoituksestamme<\/a>. Tuolloin alan tilanne oli hyvin erilainen kuin nyt, sill\u00e4 ChatGPT:t\u00e4 ei viel\u00e4 ollut lanseerattu eik\u00e4 nykyinen teko\u00e4lykiima ollut viel\u00e4 alkanut. T\u00e4n\u00e4 vuonna konferenssin teema oli Human Relevance.<\/p>\n<!-- \/wp:paragraph -->\n\n<!-- wp:paragraph -->\n<p>T\u00e4ll\u00e4 kertaa l\u00e4hdinkin konferenssiin teollisuusvakoilumieless\u00e4: halusin tiet\u00e4\u00e4, mit\u00e4 alalle ja erityisesti sen isoille toimijoille kuuluu. Yll\u00e4tyin siit\u00e4, ett\u00e4 kaikkein suurimmat alan toimijat loistivat poissaolollaan. Paikalla oli l\u00e4hinn\u00e4 keskikokoisten pohjoismaisten k\u00e4\u00e4nn\u00f6stoimistojen edustajia ja jonkin verran meit\u00e4 yksinyritt\u00e4ji\u00e4.<\/p>\n<!-- \/wp:paragraph -->\n\n<!-- wp:paragraph -->\n<p>Esitysten aiheet py\u00f6riv\u00e4t pitk\u00e4lti teko\u00e4lyn ja teknisten ratkaisujen ymp\u00e4rill\u00e4. Puhuttiin innovaatioiden tarpeellisuudesta. Tunnelma oli nyt hyvin erilainen kuin toissa vuonna: kaikki ovat selv\u00e4sti huolissaan alan tulevaisuudesta \u2013 k\u00e4\u00e4nt\u00e4j\u00e4n ammatti sellaisena kuin sen olemme tunteneet on mennytt\u00e4 eik\u00e4 paluuta entiseen ole.<\/p>\n<!-- \/wp:paragraph -->\n\n<!-- wp:paragraph -->\n<p><strong>Tarvitaanko ihmisk\u00e4\u00e4nt\u00e4ji\u00e4 en\u00e4\u00e4?<\/strong><\/p>\n<!-- \/wp:paragraph -->\n\n<!-- wp:paragraph -->\n<p>Jotkin k\u00e4\u00e4nn\u00f6salan toimijat ovat viime aikoina kehitt\u00e4neet uutta palvelutarjontaa, jossa ihmisk\u00e4\u00e4nt\u00e4ji\u00e4 ei en\u00e4\u00e4 tarvita tai jossa me ihmisk\u00e4\u00e4nt\u00e4j\u00e4t olemme korkeintaan valinnainen sivuhuomautus (ks. alla oleva kuva). T\u00e4llaista palvelua tarjoavat monet isot ja keskisuuret k\u00e4\u00e4nn\u00f6stoimistot. T\u00e4ss\u00e4 Acoladin palvelukuvauksessa palvelun sis\u00e4lt\u00f6 on mielest\u00e4ni kiteytetty selkeimmin:<\/p>\n<!-- \/wp:paragraph -->\n\n<!-- wp:image {\"lightbox\":{\"enabled\":true},\"id\":1659,\"sizeSlug\":\"large\",\"linkDestination\":\"none\"} -->\n<figure class=\"wp-block-image size-large\"><img src=\"https:\/\/xn--kntjmestari-l8aacb.fi\/km\/wp-content\/uploads\/2024\/12\/Acolad-1024x519.png\" alt=\"\" class=\"wp-image-1659\"\/><\/figure>\n<!-- \/wp:image -->\n\n<!-- wp:paragraph -->\n<p>L\u00e4hde:<a href=\"https:\/\/www.acolad.com\/fi\/services\/kaannokset\/konekaannokset.html\" target=\"_blank\" rel=\"noreferrer noopener\"> Acoladin automatisoitu k\u00e4\u00e4nn\u00f6sty\u00f6nkulku<\/a><\/p>\n<!-- \/wp:paragraph -->\n\n<!-- wp:paragraph -->\n<p><strong>Laimeaa innovointipuhetta<\/strong><\/p>\n<!-- \/wp:paragraph -->\n\n<!-- wp:paragraph -->\n<p>Osallistuin NTIF:ss\u00e4 think tankiin, jonka aiheena oli innovointi ja jonka moderaattorina toimi<a href=\"https:\/\/www.linkedin.com\/in\/robert-etches\/\" target=\"_blank\" rel=\"noreferrer noopener\"> Robert Etches<\/a>. Odotin sessiolta villi\u00e4 ja rohkeaa ideointia alan tuleviksi palveluiksi. Osallistujat olivat kuitenkin sen verran varautuneita, ett\u00e4 keskustelu j\u00e4i melko pintapuoliseksi. Kiinnostavaa sekin toki oli.<\/p>\n<!-- \/wp:paragraph -->\n\n<!-- wp:paragraph -->\n<p><strong>Toivon pilkahduksia<\/strong><\/p>\n<!-- \/wp:paragraph -->\n\n<!-- wp:paragraph -->\n<p>Minulle NTIF:n ohjelman parhaaseen antiin kuului walesilaisen<a href=\"https:\/\/www.linkedin.com\/in\/alun-gruffydd-a8a601284\/\"> Alun <\/a><a href=\"https:\/\/www.linkedin.com\/in\/alun-gruffydd-a8a601284\/\" target=\"_blank\" rel=\"noreferrer noopener\">Gruffyddin<\/a> kymrin kielen asemaa k\u00e4sittelev\u00e4 esitys. Gruffydd kertoi, miten kymrin kielen osaamista ja oppimista kehitet\u00e4\u00e4n ja edistet\u00e4\u00e4n sek\u00e4 miten t\u00e4rke\u00e4ss\u00e4 asemassa ihmisk\u00e4\u00e4nt\u00e4j\u00e4t ja kymrin kielen asiantuntijat siin\u00e4 ovat. Esitys oli t\u00e4rke\u00e4 muistutus kielen ja kulttuurin vaalimisen t\u00e4rkeydest\u00e4.<\/p>\n<!-- \/wp:paragraph -->\n\n<!-- wp:paragraph -->\n<p>Toivoa ihmisk\u00e4\u00e4nt\u00e4jille antoivat my\u00f6s<a href=\"https:\/\/www.vinted.fi\/\" target=\"_blank\" rel=\"noreferrer noopener\"> Vintedin<\/a> lokalisointiyksikk\u00f6\u00e4 edustaneet<a href=\"https:\/\/www.linkedin.com\/in\/martinapancot\/\" target=\"_blank\" rel=\"noreferrer noopener\"> Martina Pancot<\/a> and<a href=\"https:\/\/www.linkedin.com\/in\/justina-dolgovi%C4%8Dien%C4%97-0b9768116\/\" target=\"_blank\" rel=\"noreferrer noopener\"> Justina Dolgovi\u010dien\u0117<\/a>. He kertoivat, miten kuluttajien v\u00e4liseen k\u00e4ytetyn tavaran kauppaan tarkoitetun alustan k\u00e4\u00e4nn\u00f6stoiminta hoidetaan. Vintedill\u00e4 on omat freelance-k\u00e4\u00e4nt\u00e4j\u00e4t, jotka tekev\u00e4t yrityksen n\u00e4kyvimm\u00e4t sis\u00e4ll\u00f6t: markkinointitekstit, tuotetekstit, palvelukuvaukset, k\u00e4ytt\u00f6liittym\u00e4n tekstit ja vastaavat. K\u00e4\u00e4nn\u00f6stoimistoja Vinted k\u00e4ytt\u00e4\u00e4 v\u00e4hemm\u00e4n n\u00e4kyviin teksteihin, kuten tietosuojaselosteisiin ja vastaaviin.<\/p>\n<!-- \/wp:paragraph -->\n\n<!-- wp:paragraph -->\n<p>Pancot ja Dolgovi\u010dien\u0117 avasivat paitsi k\u00e4\u00e4nn\u00f6sprosesseja my\u00f6s prosesseihin liittyneit\u00e4 haasteita ja niiden ratkaisuja, teko\u00e4lyn ja konek\u00e4\u00e4ntimien k\u00e4ytt\u00f6\u00e4 sek\u00e4 eri ratkaisujen k\u00e4ytt\u00f6\u00f6n kuluvaa ty\u00f6aikaa. Kiinnostava \u2013 joskaan ei yll\u00e4tt\u00e4v\u00e4 \u2013 l\u00f6yd\u00f6s oli, ett\u00e4 teko\u00e4lyn tekem\u00e4t tai k\u00e4\u00e4nt\u00e4m\u00e4t tekstit eiv\u00e4t v\u00e4ltt\u00e4m\u00e4tt\u00e4 nopeuta ty\u00f6skentely\u00e4. K\u00e4\u00e4nt\u00e4j\u00e4t n\u00e4hd\u00e4\u00e4n aitoina kumppaneina, joiden mielipiteit\u00e4 arvostetaan ja joiden palautetta paitsi itse k\u00e4\u00e4nn\u00f6sprosessista my\u00f6s verkkokauppa-alustan sis\u00e4ll\u00f6st\u00e4 kuullaan.<\/p>\n<!-- \/wp:paragraph -->\n\n<!-- wp:paragraph -->\n<p><strong>Miten ala sitten makaa?<\/strong><\/p>\n<!-- \/wp:paragraph -->\n\n<!-- wp:paragraph -->\n<p>Konferenssin lopuksi oli vuorossa<a href=\"https:\/\/slator.com\/\" target=\"_blank\" rel=\"noreferrer noopener\"> Slatoria<\/a> edustaneen<a href=\"https:\/\/www.linkedin.com\/in\/florianfaes\/\" target=\"_blank\" rel=\"noreferrer noopener\"> Florian Faesin<\/a> esitys kielipalvelualan tilasta. Faes esitteli koosteen Slatorin Translation as a Feature (TaaF) -raportista eli yritysten ohjelmistoihinsa lanseeraamista k\u00e4\u00e4nn\u00f6ksi\u00e4 tarjoavista teko\u00e4lytoiminnoista. Yksi esimerkki on<a href=\"https:\/\/help.dropbox.com\/view-edit\/translate-files\" target=\"_blank\" rel=\"noreferrer noopener\"> Dropboxin lanseeraama k\u00e4\u00e4nn\u00f6stoiminto<\/a>, jolla voi k\u00e4\u00e4nt\u00e4\u00e4 Dropboxiin ladattuja tiedostoja kielelt\u00e4 toiselle.<\/p>\n<!-- \/wp:paragraph -->\n\n<!-- wp:paragraph -->\n<p>Vaikka Faes totesikin, ett\u00e4 perinteinen k\u00e4\u00e4nt\u00e4minen on kuollut, h\u00e4n valoi silti uskoa siihen, ett\u00e4 meill\u00e4 ihmisill\u00e4kin on viel\u00e4 teht\u00e4v\u00e4\u00e4 alalla. Se vain vaatii osaamisen ja palveluvalikoiman kehitt\u00e4mist\u00e4 asiakkaiden toivomaan suuntaan sek\u00e4 tietysti uusien asiakkaiden l\u00f6yt\u00e4mist\u00e4.<\/p>\n<!-- \/wp:paragraph -->\n\n<!-- wp:paragraph -->\n<p>Konferenssimatka oli kaikkinensa antoisa, ja nyt p\u00e4\u00e4ss\u00e4 surraa kaikenlaisia ajatuksia, jotka pit\u00e4isi ensin saada asettumaan suunnitelmien muotoon ja sitten toteutettua. Vaikka tunteet meniv\u00e4t konferenssin aikana laidasta laitaan, p\u00e4\u00e4llimm\u00e4iseksi j\u00e4iv\u00e4t toivo ja tahto kehitt\u00e4\u00e4 omaa liiketoimintaa.<\/p>\n<!-- \/wp:paragraph -->\n\n<!-- wp:paragraph -->\n<p><em>Artikkelikuva: NTIF \/ Martina W\u00e4renfeldt<\/em><\/p>\n<!-- \/wp:paragraph -->\n\n<!-- wp:paragraph -->\n<p><em>Konferenssitunnelmiin ja -sis\u00e4lt\u00f6ihin voit tutustua my\u00f6s <a href=\"https:\/\/www.facebook.com\/media\/set\/?vanity=NTIF2024&amp;set=a.1223315935967280\" target=\"_blank\" rel=\"noreferrer noopener\">NTIF:n Facebook-sivuilla<\/a> Redanredan Oy:n Linda Saukko-Raudan livekuvitusten avulla (vaatii kirjautumisen)!<\/em><\/p>\n<!-- \/wp:paragraph -->\n\n<!-- wp:divi\/layout -->\n<div class=\"wp-block-divi-layout\">[et_pb_section fb_built=\"1\" _builder_version=\"4.17.4\" _module_preset=\"default\" background_color=\"#eff1ff\" custom_margin=\"40px||40px||false|false\" custom_padding=\"20px|40px|20px|40px|false|false\" global_colors_info=\"{}\"][et_pb_row column_structure=\"1_3,2_3\" use_custom_gutter=\"on\" gutter_width=\"2\" _builder_version=\"4.17.4\" _module_preset=\"default\" width=\"100%\" max_width=\"100%\" global_colors_info=\"{}\"][et_pb_column type=\"1_3\" _builder_version=\"4.17.4\" _module_preset=\"default\" global_colors_info=\"{}\"][et_pb_image src=\"https:\/\/xn--kntjmestari-l8aacb.fi\/km\/wp-content\/uploads\/2022\/12\/Mili_Viita_kuva.jpg\" title_text=\"Mili_Viita_kuva\" _builder_version=\"4.27.2\" _module_preset=\"default\" hover_enabled=\"0\" border_radii=\"on|5px|5px|5px|5px\" global_colors_info=\"{}\" sticky_enabled=\"0\"][\/et_pb_image][\/et_pb_column][et_pb_column type=\"2_3\" _builder_version=\"4.17.4\" _module_preset=\"default\" global_colors_info=\"{}\"][et_pb_team_member name=\"Mili Viita\" position=\"K\u00e4\u00e4nt\u00e4j\u00e4\" linkedin_url=\"https:\/\/www.linkedin.com\/in\/miliviita\/\" icon_color=\"#005801\" use_icon_font_size=\"on\" icon_font_size=\"22px\" _builder_version=\"4.27.2\" _module_preset=\"default\" header_level=\"h2\" body_text_color=\"#000000\" body_font_size=\"14px\" body_line_height=\"1.5em\" position_font=\"|800|on||||||\" position_text_color=\"#005801\" background_color=\"RGBA(255,255,255,0)\" text_orientation=\"left\" module_alignment=\"center\" hover_enabled=\"0\" custom_css_main_element=\"border-radius:20px;\" custom_css_member_image=\"margin-bottom:35px;\" border_radii_image=\"on|5px|5px|5px|5px\" border_color_all_image=\"RGBA(255,255,255,0)\" box_shadow_style_image=\"preset1\" global_colors_info=\"{}\" sticky_enabled=\"0\"]<p><span>Mili Viita on yksi K\u00e4\u00e4nt\u00e4j\u00e4mestarin kirjan tekij\u00f6ist\u00e4, markkinointiin erikoistunut asiatekstink\u00e4\u00e4nt\u00e4j\u00e4 ja iloisen yritt\u00e4jyyden evankelista. Milill\u00e4 on kokemusta sek\u00e4 k\u00e4\u00e4nn\u00f6stoimistosta ty\u00f6skentelyst\u00e4 ett\u00e4 yritt\u00e4jyydest\u00e4. Erityisen l\u00e4hell\u00e4 Milin syd\u00e4nt\u00e4 on asiakasl\u00e4ht\u00f6isyys, ja Mili pyrkiikin tekem\u00e4\u00e4n kielipalvelualasta paremman niin sill\u00e4 toimiville asiantuntijoille kuin heid\u00e4n asiakkailleen.<\/span><\/p>[\/et_pb_team_member][\/et_pb_column][\/et_pb_row][\/et_pb_section]<\/div>\n<!-- \/wp:divi\/layout -->","_et_gb_content_width":"","footnotes":""},"categories":[19],"tags":[128,129,13,110,98],"class_list":["post-1653","post","type-post","status-publish","format-standard","has-post-thumbnail","hentry","category-blogi","tag-kaannosteollisuus","tag-kielipalveluala","tag-konferenssi","tag-taydennyskoulutus","tag-tekoaly"],"yoast_head":"<!-- This site is optimized with the Yoast SEO plugin v27.4 - https:\/\/yoast.com\/product\/yoast-seo-wordpress\/ -->\n<title>Syksyn konferenssikuulumisia \u2013 miten ala makaa? - K\u00e4\u00e4nt\u00e4j\u00e4mestarin kirja<\/title>\n<meta name=\"description\" content=\"Pohjoismainen konferenssi loi tilannekatsauksen kielipalvelualan tilanteen ja n\u00e4kymiin teko\u00e4lyn ja muiden mullistusten keskell\u00e4.\" \/>\n<meta name=\"robots\" content=\"index, follow, max-snippet:-1, max-image-preview:large, max-video-preview:-1\" \/>\n<link rel=\"canonical\" href=\"https:\/\/xn--kntjmestari-l8aacb.fi\/km\/syksyn-konferenssikuulumisia-miten-ala-makaa\/\" \/>\n<meta property=\"og:locale\" content=\"fi_FI\" \/>\n<meta property=\"og:type\" content=\"article\" \/>\n<meta property=\"og:title\" content=\"NTIF tarjosi n\u00e4k\u00f6aloja kielipalvelualan tilaan\" \/>\n<meta property=\"og:description\" content=\"K\u00e4\u00e4nt\u00e4j\u00e4mestarien konferenssikonkari Mili Viita k\u00e4vi Malm\u00f6ss\u00e4 kuulemassa kollegojen ja kielipalveluyritysten n\u00e4kemyksi\u00e4 teko\u00e4lyst\u00e4 ja muista alan ajankohtaisista asioista. Vaikka yleinen tunnelma ei ollut hilpe\u00e4, toivoakin oli n\u00e4k\u00f6piiriss\u00e4.\" \/>\n<meta property=\"og:url\" content=\"https:\/\/xn--kntjmestari-l8aacb.fi\/km\/syksyn-konferenssikuulumisia-miten-ala-makaa\/\" \/>\n<meta property=\"og:site_name\" content=\"K\u00e4\u00e4nt\u00e4j\u00e4mestarin kirja\" \/>\n<meta property=\"article:published_time\" content=\"2024-12-09T08:54:53+00:00\" \/>\n<meta property=\"article:modified_time\" content=\"2024-12-09T10:22:43+00:00\" \/>\n<meta property=\"og:image\" content=\"https:\/\/xn--kntjmestari-l8aacb.fi\/km\/wp-content\/uploads\/2024\/12\/467911408_1225444652421075_2166369423318466253_n.jpg\" \/>\n\t<meta property=\"og:image:width\" content=\"1920\" \/>\n\t<meta property=\"og:image:height\" content=\"1281\" \/>\n\t<meta property=\"og:image:type\" content=\"image\/jpeg\" \/>\n<meta name=\"author\" content=\"Anna M\u00e4ntynen\" \/>\n<meta name=\"twitter:card\" content=\"summary_large_image\" \/>\n<meta name=\"twitter:title\" content=\"NTIF tarjosi n\u00e4k\u00f6aloja kielipalvelualan tilaan\" \/>\n<meta name=\"twitter:description\" content=\"K\u00e4\u00e4nt\u00e4j\u00e4mestarien konferenssikonkari Mili Viita k\u00e4vi Malm\u00f6ss\u00e4 kuulemassa kollegojen ja kielipalveluyritysten n\u00e4kemyksi\u00e4 teko\u00e4lyst\u00e4 ja muista alan ajankohtaisista asioista. Vaikka yleinen tunnelma ei ollut hilpe\u00e4, toivoakin oli n\u00e4k\u00f6piiriss\u00e4.\" \/>\n<meta name=\"twitter:image\" content=\"https:\/\/xn--kntjmestari-l8aacb.fi\/km\/wp-content\/uploads\/2024\/12\/467911408_1225444652421075_2166369423318466253_n.jpg\" \/>\n<meta name=\"twitter:label1\" content=\"Kirjoittanut\" \/>\n\t<meta name=\"twitter:data1\" content=\"Anna M\u00e4ntynen\" \/>\n\t<meta name=\"twitter:label2\" content=\"Arvioitu lukuaika\" \/>\n\t<meta name=\"twitter:data2\" content=\"5 minuuttia\" \/>\n<script type=\"application\/ld+json\" class=\"yoast-schema-graph\">{\"@context\":\"https:\\\/\\\/schema.org\",\"@graph\":[{\"@type\":\"Article\",\"@id\":\"https:\\\/\\\/xn--kntjmestari-l8aacb.fi\\\/km\\\/syksyn-konferenssikuulumisia-miten-ala-makaa\\\/#article\",\"isPartOf\":{\"@id\":\"https:\\\/\\\/xn--kntjmestari-l8aacb.fi\\\/km\\\/syksyn-konferenssikuulumisia-miten-ala-makaa\\\/\"},\"author\":{\"name\":\"Anna M\u00e4ntynen\",\"@id\":\"https:\\\/\\\/xn--kntjmestari-l8aacb.fi\\\/km\\\/#\\\/schema\\\/person\\\/da7d58d8c8100f76bcf6eb554d0ebe91\"},\"headline\":\"Syksyn konferenssikuulumisia \u2013 miten ala makaa?\",\"datePublished\":\"2024-12-09T08:54:53+00:00\",\"dateModified\":\"2024-12-09T10:22:43+00:00\",\"mainEntityOfPage\":{\"@id\":\"https:\\\/\\\/xn--kntjmestari-l8aacb.fi\\\/km\\\/syksyn-konferenssikuulumisia-miten-ala-makaa\\\/\"},\"wordCount\":975,\"publisher\":{\"@id\":\"https:\\\/\\\/xn--kntjmestari-l8aacb.fi\\\/km\\\/#organization\"},\"image\":{\"@id\":\"https:\\\/\\\/xn--kntjmestari-l8aacb.fi\\\/km\\\/syksyn-konferenssikuulumisia-miten-ala-makaa\\\/#primaryimage\"},\"thumbnailUrl\":\"https:\\\/\\\/xn--kntjmestari-l8aacb.fi\\\/km\\\/wp-content\\\/uploads\\\/2024\\\/12\\\/467911408_1225444652421075_2166369423318466253_n.jpg\",\"keywords\":[\"k\u00e4\u00e4nn\u00f6steollisuus\",\"kielipalveluala\",\"konferenssi\",\"t\u00e4ydennyskoulutus\",\"teko\u00e4ly\"],\"articleSection\":[\"Blogi\"],\"inLanguage\":\"fi\"},{\"@type\":\"WebPage\",\"@id\":\"https:\\\/\\\/xn--kntjmestari-l8aacb.fi\\\/km\\\/syksyn-konferenssikuulumisia-miten-ala-makaa\\\/\",\"url\":\"https:\\\/\\\/xn--kntjmestari-l8aacb.fi\\\/km\\\/syksyn-konferenssikuulumisia-miten-ala-makaa\\\/\",\"name\":\"Syksyn konferenssikuulumisia \u2013 miten ala makaa? - K\u00e4\u00e4nt\u00e4j\u00e4mestarin kirja\",\"isPartOf\":{\"@id\":\"https:\\\/\\\/xn--kntjmestari-l8aacb.fi\\\/km\\\/#website\"},\"primaryImageOfPage\":{\"@id\":\"https:\\\/\\\/xn--kntjmestari-l8aacb.fi\\\/km\\\/syksyn-konferenssikuulumisia-miten-ala-makaa\\\/#primaryimage\"},\"image\":{\"@id\":\"https:\\\/\\\/xn--kntjmestari-l8aacb.fi\\\/km\\\/syksyn-konferenssikuulumisia-miten-ala-makaa\\\/#primaryimage\"},\"thumbnailUrl\":\"https:\\\/\\\/xn--kntjmestari-l8aacb.fi\\\/km\\\/wp-content\\\/uploads\\\/2024\\\/12\\\/467911408_1225444652421075_2166369423318466253_n.jpg\",\"datePublished\":\"2024-12-09T08:54:53+00:00\",\"dateModified\":\"2024-12-09T10:22:43+00:00\",\"description\":\"Pohjoismainen konferenssi loi tilannekatsauksen kielipalvelualan tilanteen ja n\u00e4kymiin teko\u00e4lyn ja muiden mullistusten keskell\u00e4.\",\"breadcrumb\":{\"@id\":\"https:\\\/\\\/xn--kntjmestari-l8aacb.fi\\\/km\\\/syksyn-konferenssikuulumisia-miten-ala-makaa\\\/#breadcrumb\"},\"inLanguage\":\"fi\",\"potentialAction\":[{\"@type\":\"ReadAction\",\"target\":[\"https:\\\/\\\/xn--kntjmestari-l8aacb.fi\\\/km\\\/syksyn-konferenssikuulumisia-miten-ala-makaa\\\/\"]}]},{\"@type\":\"ImageObject\",\"inLanguage\":\"fi\",\"@id\":\"https:\\\/\\\/xn--kntjmestari-l8aacb.fi\\\/km\\\/syksyn-konferenssikuulumisia-miten-ala-makaa\\\/#primaryimage\",\"url\":\"https:\\\/\\\/xn--kntjmestari-l8aacb.fi\\\/km\\\/wp-content\\\/uploads\\\/2024\\\/12\\\/467911408_1225444652421075_2166369423318466253_n.jpg\",\"contentUrl\":\"https:\\\/\\\/xn--kntjmestari-l8aacb.fi\\\/km\\\/wp-content\\\/uploads\\\/2024\\\/12\\\/467911408_1225444652421075_2166369423318466253_n.jpg\",\"width\":1920,\"height\":1281},{\"@type\":\"BreadcrumbList\",\"@id\":\"https:\\\/\\\/xn--kntjmestari-l8aacb.fi\\\/km\\\/syksyn-konferenssikuulumisia-miten-ala-makaa\\\/#breadcrumb\",\"itemListElement\":[{\"@type\":\"ListItem\",\"position\":1,\"name\":\"Etusivu\",\"item\":\"https:\\\/\\\/xn--kntjmestari-l8aacb.fi\\\/km\\\/\"},{\"@type\":\"ListItem\",\"position\":2,\"name\":\"Syksyn konferenssikuulumisia \u2013 miten ala makaa?\"}]},{\"@type\":\"WebSite\",\"@id\":\"https:\\\/\\\/xn--kntjmestari-l8aacb.fi\\\/km\\\/#website\",\"url\":\"https:\\\/\\\/xn--kntjmestari-l8aacb.fi\\\/km\\\/\",\"name\":\"K\u00e4\u00e4nt\u00e4j\u00e4mestarin kirja\",\"description\":\"k\u00e4yt\u00e4nn\u00f6n opas aloitteleville k\u00e4\u00e4nt\u00e4jille ja tulkeille\",\"publisher\":{\"@id\":\"https:\\\/\\\/xn--kntjmestari-l8aacb.fi\\\/km\\\/#organization\"},\"potentialAction\":[{\"@type\":\"SearchAction\",\"target\":{\"@type\":\"EntryPoint\",\"urlTemplate\":\"https:\\\/\\\/xn--kntjmestari-l8aacb.fi\\\/km\\\/?s={search_term_string}\"},\"query-input\":{\"@type\":\"PropertyValueSpecification\",\"valueRequired\":true,\"valueName\":\"search_term_string\"}}],\"inLanguage\":\"fi\"},{\"@type\":\"Organization\",\"@id\":\"https:\\\/\\\/xn--kntjmestari-l8aacb.fi\\\/km\\\/#organization\",\"name\":\"K\u00e4\u00e4nt\u00e4j\u00e4mestarit\",\"url\":\"https:\\\/\\\/xn--kntjmestari-l8aacb.fi\\\/km\\\/\",\"logo\":{\"@type\":\"ImageObject\",\"inLanguage\":\"fi\",\"@id\":\"https:\\\/\\\/xn--kntjmestari-l8aacb.fi\\\/km\\\/#\\\/schema\\\/logo\\\/image\\\/\",\"url\":\"https:\\\/\\\/xn--kntjmestari-l8aacb.fi\\\/km\\\/wp-content\\\/uploads\\\/2021\\\/12\\\/logo.jpg\",\"contentUrl\":\"https:\\\/\\\/xn--kntjmestari-l8aacb.fi\\\/km\\\/wp-content\\\/uploads\\\/2021\\\/12\\\/logo.jpg\",\"width\":509,\"height\":530,\"caption\":\"K\u00e4\u00e4nt\u00e4j\u00e4mestarit\"},\"image\":{\"@id\":\"https:\\\/\\\/xn--kntjmestari-l8aacb.fi\\\/km\\\/#\\\/schema\\\/logo\\\/image\\\/\"}},{\"@type\":\"Person\",\"@id\":\"https:\\\/\\\/xn--kntjmestari-l8aacb.fi\\\/km\\\/#\\\/schema\\\/person\\\/da7d58d8c8100f76bcf6eb554d0ebe91\",\"name\":\"Anna M\u00e4ntynen\",\"image\":{\"@type\":\"ImageObject\",\"inLanguage\":\"fi\",\"@id\":\"https:\\\/\\\/secure.gravatar.com\\\/avatar\\\/7fb46d0fe9184bba49c15b9caa85ef2d631c27a206dd3ee146d840632b1e734d?s=96&d=mm&r=g\",\"url\":\"https:\\\/\\\/secure.gravatar.com\\\/avatar\\\/7fb46d0fe9184bba49c15b9caa85ef2d631c27a206dd3ee146d840632b1e734d?s=96&d=mm&r=g\",\"contentUrl\":\"https:\\\/\\\/secure.gravatar.com\\\/avatar\\\/7fb46d0fe9184bba49c15b9caa85ef2d631c27a206dd3ee146d840632b1e734d?s=96&d=mm&r=g\",\"caption\":\"Anna M\u00e4ntynen\"},\"url\":\"https:\\\/\\\/xn--kntjmestari-l8aacb.fi\\\/km\\\/author\\\/annatranslato-fi\\\/\"}]}<\/script>\n<!-- \/ Yoast SEO plugin. -->","yoast_head_json":{"title":"Syksyn konferenssikuulumisia \u2013 miten ala makaa? - K\u00e4\u00e4nt\u00e4j\u00e4mestarin kirja","description":"Pohjoismainen konferenssi loi tilannekatsauksen kielipalvelualan tilanteen ja n\u00e4kymiin teko\u00e4lyn ja muiden mullistusten keskell\u00e4.","robots":{"index":"index","follow":"follow","max-snippet":"max-snippet:-1","max-image-preview":"max-image-preview:large","max-video-preview":"max-video-preview:-1"},"canonical":"https:\/\/xn--kntjmestari-l8aacb.fi\/km\/syksyn-konferenssikuulumisia-miten-ala-makaa\/","og_locale":"fi_FI","og_type":"article","og_title":"NTIF tarjosi n\u00e4k\u00f6aloja kielipalvelualan tilaan","og_description":"K\u00e4\u00e4nt\u00e4j\u00e4mestarien konferenssikonkari Mili Viita k\u00e4vi Malm\u00f6ss\u00e4 kuulemassa kollegojen ja kielipalveluyritysten n\u00e4kemyksi\u00e4 teko\u00e4lyst\u00e4 ja muista alan ajankohtaisista asioista. Vaikka yleinen tunnelma ei ollut hilpe\u00e4, toivoakin oli n\u00e4k\u00f6piiriss\u00e4.","og_url":"https:\/\/xn--kntjmestari-l8aacb.fi\/km\/syksyn-konferenssikuulumisia-miten-ala-makaa\/","og_site_name":"K\u00e4\u00e4nt\u00e4j\u00e4mestarin kirja","article_published_time":"2024-12-09T08:54:53+00:00","article_modified_time":"2024-12-09T10:22:43+00:00","og_image":[{"width":1920,"height":1281,"url":"https:\/\/xn--kntjmestari-l8aacb.fi\/km\/wp-content\/uploads\/2024\/12\/467911408_1225444652421075_2166369423318466253_n.jpg","type":"image\/jpeg"}],"author":"Anna M\u00e4ntynen","twitter_card":"summary_large_image","twitter_title":"NTIF tarjosi n\u00e4k\u00f6aloja kielipalvelualan tilaan","twitter_description":"K\u00e4\u00e4nt\u00e4j\u00e4mestarien konferenssikonkari Mili Viita k\u00e4vi Malm\u00f6ss\u00e4 kuulemassa kollegojen ja kielipalveluyritysten n\u00e4kemyksi\u00e4 teko\u00e4lyst\u00e4 ja muista alan ajankohtaisista asioista. Vaikka yleinen tunnelma ei ollut hilpe\u00e4, toivoakin oli n\u00e4k\u00f6piiriss\u00e4.","twitter_image":"https:\/\/xn--kntjmestari-l8aacb.fi\/km\/wp-content\/uploads\/2024\/12\/467911408_1225444652421075_2166369423318466253_n.jpg","twitter_misc":{"Kirjoittanut":"Anna M\u00e4ntynen","Arvioitu lukuaika":"5 minuuttia"},"schema":{"@context":"https:\/\/schema.org","@graph":[{"@type":"Article","@id":"https:\/\/xn--kntjmestari-l8aacb.fi\/km\/syksyn-konferenssikuulumisia-miten-ala-makaa\/#article","isPartOf":{"@id":"https:\/\/xn--kntjmestari-l8aacb.fi\/km\/syksyn-konferenssikuulumisia-miten-ala-makaa\/"},"author":{"name":"Anna M\u00e4ntynen","@id":"https:\/\/xn--kntjmestari-l8aacb.fi\/km\/#\/schema\/person\/da7d58d8c8100f76bcf6eb554d0ebe91"},"headline":"Syksyn konferenssikuulumisia \u2013 miten ala makaa?","datePublished":"2024-12-09T08:54:53+00:00","dateModified":"2024-12-09T10:22:43+00:00","mainEntityOfPage":{"@id":"https:\/\/xn--kntjmestari-l8aacb.fi\/km\/syksyn-konferenssikuulumisia-miten-ala-makaa\/"},"wordCount":975,"publisher":{"@id":"https:\/\/xn--kntjmestari-l8aacb.fi\/km\/#organization"},"image":{"@id":"https:\/\/xn--kntjmestari-l8aacb.fi\/km\/syksyn-konferenssikuulumisia-miten-ala-makaa\/#primaryimage"},"thumbnailUrl":"https:\/\/xn--kntjmestari-l8aacb.fi\/km\/wp-content\/uploads\/2024\/12\/467911408_1225444652421075_2166369423318466253_n.jpg","keywords":["k\u00e4\u00e4nn\u00f6steollisuus","kielipalveluala","konferenssi","t\u00e4ydennyskoulutus","teko\u00e4ly"],"articleSection":["Blogi"],"inLanguage":"fi"},{"@type":"WebPage","@id":"https:\/\/xn--kntjmestari-l8aacb.fi\/km\/syksyn-konferenssikuulumisia-miten-ala-makaa\/","url":"https:\/\/xn--kntjmestari-l8aacb.fi\/km\/syksyn-konferenssikuulumisia-miten-ala-makaa\/","name":"Syksyn konferenssikuulumisia \u2013 miten ala makaa? - K\u00e4\u00e4nt\u00e4j\u00e4mestarin kirja","isPartOf":{"@id":"https:\/\/xn--kntjmestari-l8aacb.fi\/km\/#website"},"primaryImageOfPage":{"@id":"https:\/\/xn--kntjmestari-l8aacb.fi\/km\/syksyn-konferenssikuulumisia-miten-ala-makaa\/#primaryimage"},"image":{"@id":"https:\/\/xn--kntjmestari-l8aacb.fi\/km\/syksyn-konferenssikuulumisia-miten-ala-makaa\/#primaryimage"},"thumbnailUrl":"https:\/\/xn--kntjmestari-l8aacb.fi\/km\/wp-content\/uploads\/2024\/12\/467911408_1225444652421075_2166369423318466253_n.jpg","datePublished":"2024-12-09T08:54:53+00:00","dateModified":"2024-12-09T10:22:43+00:00","description":"Pohjoismainen konferenssi loi tilannekatsauksen kielipalvelualan tilanteen ja n\u00e4kymiin teko\u00e4lyn ja muiden mullistusten keskell\u00e4.","breadcrumb":{"@id":"https:\/\/xn--kntjmestari-l8aacb.fi\/km\/syksyn-konferenssikuulumisia-miten-ala-makaa\/#breadcrumb"},"inLanguage":"fi","potentialAction":[{"@type":"ReadAction","target":["https:\/\/xn--kntjmestari-l8aacb.fi\/km\/syksyn-konferenssikuulumisia-miten-ala-makaa\/"]}]},{"@type":"ImageObject","inLanguage":"fi","@id":"https:\/\/xn--kntjmestari-l8aacb.fi\/km\/syksyn-konferenssikuulumisia-miten-ala-makaa\/#primaryimage","url":"https:\/\/xn--kntjmestari-l8aacb.fi\/km\/wp-content\/uploads\/2024\/12\/467911408_1225444652421075_2166369423318466253_n.jpg","contentUrl":"https:\/\/xn--kntjmestari-l8aacb.fi\/km\/wp-content\/uploads\/2024\/12\/467911408_1225444652421075_2166369423318466253_n.jpg","width":1920,"height":1281},{"@type":"BreadcrumbList","@id":"https:\/\/xn--kntjmestari-l8aacb.fi\/km\/syksyn-konferenssikuulumisia-miten-ala-makaa\/#breadcrumb","itemListElement":[{"@type":"ListItem","position":1,"name":"Etusivu","item":"https:\/\/xn--kntjmestari-l8aacb.fi\/km\/"},{"@type":"ListItem","position":2,"name":"Syksyn konferenssikuulumisia \u2013 miten ala makaa?"}]},{"@type":"WebSite","@id":"https:\/\/xn--kntjmestari-l8aacb.fi\/km\/#website","url":"https:\/\/xn--kntjmestari-l8aacb.fi\/km\/","name":"K\u00e4\u00e4nt\u00e4j\u00e4mestarin kirja","description":"k\u00e4yt\u00e4nn\u00f6n opas aloitteleville k\u00e4\u00e4nt\u00e4jille ja tulkeille","publisher":{"@id":"https:\/\/xn--kntjmestari-l8aacb.fi\/km\/#organization"},"potentialAction":[{"@type":"SearchAction","target":{"@type":"EntryPoint","urlTemplate":"https:\/\/xn--kntjmestari-l8aacb.fi\/km\/?s={search_term_string}"},"query-input":{"@type":"PropertyValueSpecification","valueRequired":true,"valueName":"search_term_string"}}],"inLanguage":"fi"},{"@type":"Organization","@id":"https:\/\/xn--kntjmestari-l8aacb.fi\/km\/#organization","name":"K\u00e4\u00e4nt\u00e4j\u00e4mestarit","url":"https:\/\/xn--kntjmestari-l8aacb.fi\/km\/","logo":{"@type":"ImageObject","inLanguage":"fi","@id":"https:\/\/xn--kntjmestari-l8aacb.fi\/km\/#\/schema\/logo\/image\/","url":"https:\/\/xn--kntjmestari-l8aacb.fi\/km\/wp-content\/uploads\/2021\/12\/logo.jpg","contentUrl":"https:\/\/xn--kntjmestari-l8aacb.fi\/km\/wp-content\/uploads\/2021\/12\/logo.jpg","width":509,"height":530,"caption":"K\u00e4\u00e4nt\u00e4j\u00e4mestarit"},"image":{"@id":"https:\/\/xn--kntjmestari-l8aacb.fi\/km\/#\/schema\/logo\/image\/"}},{"@type":"Person","@id":"https:\/\/xn--kntjmestari-l8aacb.fi\/km\/#\/schema\/person\/da7d58d8c8100f76bcf6eb554d0ebe91","name":"Anna M\u00e4ntynen","image":{"@type":"ImageObject","inLanguage":"fi","@id":"https:\/\/secure.gravatar.com\/avatar\/7fb46d0fe9184bba49c15b9caa85ef2d631c27a206dd3ee146d840632b1e734d?s=96&d=mm&r=g","url":"https:\/\/secure.gravatar.com\/avatar\/7fb46d0fe9184bba49c15b9caa85ef2d631c27a206dd3ee146d840632b1e734d?s=96&d=mm&r=g","contentUrl":"https:\/\/secure.gravatar.com\/avatar\/7fb46d0fe9184bba49c15b9caa85ef2d631c27a206dd3ee146d840632b1e734d?s=96&d=mm&r=g","caption":"Anna M\u00e4ntynen"},"url":"https:\/\/xn--kntjmestari-l8aacb.fi\/km\/author\/annatranslato-fi\/"}]}},"_links":{"self":[{"href":"https:\/\/xn--kntjmestari-l8aacb.fi\/km\/wp-json\/wp\/v2\/posts\/1653","targetHints":{"allow":["GET"]}}],"collection":[{"href":"https:\/\/xn--kntjmestari-l8aacb.fi\/km\/wp-json\/wp\/v2\/posts"}],"about":[{"href":"https:\/\/xn--kntjmestari-l8aacb.fi\/km\/wp-json\/wp\/v2\/types\/post"}],"author":[{"embeddable":true,"href":"https:\/\/xn--kntjmestari-l8aacb.fi\/km\/wp-json\/wp\/v2\/users\/7"}],"replies":[{"embeddable":true,"href":"https:\/\/xn--kntjmestari-l8aacb.fi\/km\/wp-json\/wp\/v2\/comments?post=1653"}],"version-history":[{"count":8,"href":"https:\/\/xn--kntjmestari-l8aacb.fi\/km\/wp-json\/wp\/v2\/posts\/1653\/revisions"}],"predecessor-version":[{"id":1672,"href":"https:\/\/xn--kntjmestari-l8aacb.fi\/km\/wp-json\/wp\/v2\/posts\/1653\/revisions\/1672"}],"wp:featuredmedia":[{"embeddable":true,"href":"https:\/\/xn--kntjmestari-l8aacb.fi\/km\/wp-json\/wp\/v2\/media\/1655"}],"wp:attachment":[{"href":"https:\/\/xn--kntjmestari-l8aacb.fi\/km\/wp-json\/wp\/v2\/media?parent=1653"}],"wp:term":[{"taxonomy":"category","embeddable":true,"href":"https:\/\/xn--kntjmestari-l8aacb.fi\/km\/wp-json\/wp\/v2\/categories?post=1653"},{"taxonomy":"post_tag","embeddable":true,"href":"https:\/\/xn--kntjmestari-l8aacb.fi\/km\/wp-json\/wp\/v2\/tags?post=1653"}],"curies":[{"name":"wp","href":"https:\/\/api.w.org\/{rel}","templated":true}]}}