{"id":1682,"date":"2024-12-16T16:24:39","date_gmt":"2024-12-16T14:24:39","guid":{"rendered":"https:\/\/xn--kntjmestari-l8aacb.fi\/km\/?p=1682"},"modified":"2024-12-17T12:32:07","modified_gmt":"2024-12-17T10:32:07","slug":"suomi-ja-korea-samanlaiset-mutta-erilaiset","status":"publish","type":"post","link":"https:\/\/xn--kntjmestari-l8aacb.fi\/km\/suomi-ja-korea-samanlaiset-mutta-erilaiset\/","title":{"rendered":"Suomi ja korea, samanlaiset mutta erilaiset"},"content":{"rendered":"\n<p class=\"has-vivid-cyan-blue-color has-text-color has-link-color wp-elements-d5160e2be5e78a9fa08eb8e416f67d8c\">Taru Salminen, korean kielen opettaja ja suomentaja<\/p>\n\n\n\n<p><strong>Suomi ja Etel\u00e4-Korea sijaitsevat maantieteellisesti kaukana toisistaan, mutta maiden v\u00e4lilt\u00e4 l\u00f6ytyy yll\u00e4tt\u00e4vi\u00e4 yhteyksi\u00e4. Ensimm\u00e4isen tieteellisesti p\u00e4tev\u00e4n korean kielen kieliopin julkaisi suomalainen G. J. Ramstedt vuonna 1939, ja kieliss\u00e4 on jonkin verran rakenteellisia samankaltaisuuksia.<\/strong><\/p>\n\n\n\n<p>Etel\u00e4korealainen kirjallisuus on alkanut kiinnostaa ennenn\u00e4kem\u00e4tt\u00f6m\u00e4ll\u00e4 tavalla Han Kangin tuoreen Nobel-palkinnon my\u00f6t\u00e4. Olen suomentanut korealaista kaunokirjallisuutta kymmenen vuotta, ja olen tiet\u00e4\u00e4kseni ainoa, joka k\u00e4\u00e4nt\u00e4\u00e4 sit\u00e4 suoraan koreasta suomeksi. Se tekee ty\u00f6st\u00e4 varsin yksin\u00e4ist\u00e4. Korealaista kirjallisuutta on saatu erikielisten yleis\u00f6jen saataville enemm\u00e4n vasta viimeisten parinkymmenen vuoden ajan. Suurena syyn\u00e4 t\u00e4h\u00e4n on ollut yksinkertaisesti osaavien k\u00e4\u00e4nt\u00e4jien puute. Tilanne on onneksi parantunut viimeksi kuluneen vuosikymmenen aikana.&nbsp;<\/p>\n\n\n\n<p>Monet usein ihmettelev\u00e4t, miten p\u00e4\u00e4dyin korean kielen pariin. Se on pitk\u00e4 tarina, mutta lyhyesti sanottuna lukioaikaiset etel\u00e4korealaiset kirjekaverit sytyttiv\u00e4t kiinnostuksen maahan ja kieleen. Lis\u00e4ksi kielen aakkosten helppous sek\u00e4 suomen ja korean tietty rakenteellinen samankaltaisuus vaikuttivat aikanaan siihen, miksi valintani kallistui koreaan eik\u00e4 japaniin tai kiinaan, joita my\u00f6s jonkin verran opiskelin.&nbsp;<\/p>\n\n\n\n<p>Korean kielt\u00e4 tuntemattomat usein olettavat, ett\u00e4 koreaa kirjoitetaan kirjoitusmerkeill\u00e4 kuten kiinaa. N\u00e4in ei kuitenkaan ole, vaan koreaa kirjoitetaan vuonna 1446 julkaistuilla hangeul-aakkosilla, jotka noudattavat \u00e4\u00e4nnekirjoituksen periaatteita. Koreaa kirjoitettiin kyll\u00e4 alun perin kiinalaisilla merkeill\u00e4, mutta kielet ovat todella erilaisia, mik\u00e4 vaikeutti kiinalaisen kirjoitusj\u00e4rjestelm\u00e4n soveltamista korean kieleen. Nyky\u00e4\u00e4n kiinalaisia merkkej\u00e4 n\u00e4keekin l\u00e4hinn\u00e4 konservatiivisten sanomalehtien otsikoissa.&nbsp;<\/p>\n\n\n\n<p>Suomella ja Korealla on yll\u00e4tt\u00e4v\u00e4 yhteys: suomalainen tutkimusmatkailija, diplomaatti ja kielitieteilij\u00e4 Gustaf John Ramstedt (1873\u20131950) laati ensimm\u00e4isen tieteellisesti p\u00e4tev\u00e4n korean kieliopin, joka julkaistiin englanniksi vuonna 1939. Lis\u00e4ksi monet keski-ik\u00e4iset ja sit\u00e4 vanhemmat korealaiset ovat koulussa oppineet, ett\u00e4 korea ja suomi kuuluvat uralilais-altailaisiin kieliin. Nykykielitiede ei t\u00e4t\u00e4 k\u00e4sityst\u00e4 jaa, mutta olen katsonut parhaaksi ny\u00f6kytell\u00e4 hyv\u00e4ksyv\u00e4sti ja hy\u00f6dynt\u00e4\u00e4 teoreettisen yhteyden mahdollisuutena rakentaa l\u00e4heiset suhteet korealaisiin, ovathan suhteet ja verkostot korealaisen yhteiskunnan perusta.&nbsp;<\/p>\n\n\n\n<p>Suomen ja korean kieliss\u00e4 on yll\u00e4tt\u00e4v\u00e4n paljon rakenteellisia samankaltaisuuksia. Molemmat ovat <strong>agglutinoivia<\/strong> kieli\u00e4, eiv\u00e4t tosin puhtaita sellaisia, sill\u00e4 sanavartaloissa esiintyy jonkin verran vaihtelua \u2013 koreassa tosin huomattavasti v\u00e4hemm\u00e4n kuin suomessa. Koreassa esimerkiksi paikkaa ja aikaa ilmaistaan suomen sijamuotoja vastaavilla partikkeleilla, jotka liitet\u00e4\u00e4n sanan per\u00e4\u00e4n. Koreassa on alun perin ollut my\u00f6s vokaalisointu, mutta se on kadonnut ajan my\u00f6t\u00e4 ja n\u00e4kyy nyky\u00e4\u00e4n vain verbien ja adjektiivien taivutuksessa.<\/p>\n\n\n\n<p>Sek\u00e4 suomen ett\u00e4 korean sanaj\u00e4rjestys on varsin joustava, mik\u00e4 mahdollistaa erilaisten vivahteiden ja tunnelmien luomisen. Sanojen suhteet osoitetaan sanavartaloihin liitett\u00e4vill\u00e4 p\u00e4\u00e4tteill\u00e4 ja tunnuksilla. Korean kielen perussanaj\u00e4rjestys on kuitenkin subjekti-objekti-verbi. Siksi k\u00e4\u00e4nt\u00e4mist\u00e4 ei kannata aloittaa suoraan ensimm\u00e4isest\u00e4 sanasta, vaan lukea virke aina loppuun asti, sill\u00e4 se saattaa yll\u00e4tt\u00e4\u00e4.&nbsp;&nbsp;<\/p>\n\n\n\n<p>Korean kieless\u00e4 k\u00e4ytet\u00e4\u00e4n paljon erilaisia kuvailevia lauseenvastikkeita ja partisiippeja tyyliin \u201deilen sy\u00f6m\u00e4ni punainen omena oli herkullinen\u201d. Niit\u00e4 voi olla pitk\u00e4 rimpsu ennen varsinaista p\u00e4\u00e4asiaa, mik\u00e4 tekee virkkeist\u00e4 usein pitki\u00e4, mutta samalla ilmaisultaan tiiviit\u00e4. Annan esimerkin Han Kangin \u00c4l\u00e4 j\u00e4t\u00e4 hyv\u00e4stej\u00e4 -teoksesta. Siin\u00e4 on virke, joka on koreaksi \uac1c\uac00\uc5f4\ub78c\uc2e4 \ucc3d\ubb38\uc758 \ube14\ub77c\uc778\ub4dc \ud2c8\uc73c\ub85c \ub4e4\uc5b4\uc624\ub358 \uc721 \ub144 \uc804 \uaca8\uc6b8 \ud587\ube5b\uc774 \uadf8\ub54c \ub0b4 \ub208\uc55e\uc5d0 \ub5a0\uc624\ub978\ub2e4. Saman sanaj\u00e4rjestyksen s\u00e4ilytt\u00e4en virke kuuluu suomeksi seuraavasti: Avoimen lukusalin s\u00e4lekaihtimien v\u00e4list\u00e4 tihkuneet kuuden vuoden takaiset talviset auringons\u00e4teet muistuvat silloin mieleeni. Suomeksi rakenne on periaatteessa mahdollinen, mutta raskas. Virke muuntui lopulta muotoon \u201dSilloin mieleeni muistuvat talviset auringons\u00e4teet, jotka tihkuivat avoimen lukusalin ikkunoiden s\u00e4lekaihtimien lomasta kuusi vuotta sitten.\u201d K\u00e4\u00e4nt\u00e4j\u00e4n\u00e4 joudun kyll\u00e4 joskus p\u00e4tkim\u00e4\u00e4n ylipitki\u00e4 virkkeit\u00e4, mutta yrit\u00e4n my\u00f6s s\u00e4ilytt\u00e4\u00e4 tietty\u00e4 ketjuttamisen tunnetta.<\/p>\n\n\n\n<p>Onomatopoeettisuus on my\u00f6s korean kielelle ominainen piirre. Linnut eiv\u00e4t sirkuta, liverr\u00e4 tai raaku vaan laulavat <em>chek chek<\/em>, <em>kwekkol kwekkol<\/em> tai <em>ppii ppii<\/em>. Omenaa haukatessa kuuluu <em>asak asak<\/em>, rapeaa keksi\u00e4 purtaessa taas <em>pasak pasak<\/em>. Lapset hiipiv\u00e4t <em>sappun sappun<\/em> ja vilkuilevat ymp\u00e4rilleen <em>duribeon duribeon<\/em>. Eri v\u00e4ris\u00e4vyille taas l\u00f6ytyy lukemattomia adjektiiveja ja k\u00e4\u00e4nt\u00e4j\u00e4ll\u00e4 onkin p\u00e4hk\u00e4ilemist\u00e4, olisiko auringonlasku kenties punertava, rusottavan punainen, kellanpunerva vai jokin muu.&nbsp;<\/p>\n\n\n\n<p>Monikon k\u00e4ytt\u00f6 on korean kieless\u00e4 melkoisen niukkaa, verbeill\u00e4 ei ole persoonamuotoja ja persoonapronominejakin k\u00e4ytet\u00e4\u00e4n varsin s\u00e4\u00e4steli\u00e4\u00e4sti. Se j\u00e4tt\u00e4\u00e4 oven auki erilaisille tulkinnoille. Hyv\u00e4 esimerkki on Han Kangin <em>\u00c4l\u00e4 j\u00e4t\u00e4 hyv\u00e4stej\u00e4<\/em> -teoksen nimi. Koreaksi se on \uc791\ubcc4\ud558\uc9c0 \uc54a\ub294\ub2e4, josta ei itse asiassa ilmene persoonamuotoa lainkaan. Kirjan nimeksi pohdittiinkin my\u00f6s muita vaihtoehtoja, kuten monikon toisessa persoonassa olevaa Emme j\u00e4t\u00e4 j\u00e4\u00e4hyv\u00e4isi\u00e4 ja passiivimuotoista Mahdottomat j\u00e4\u00e4hyv\u00e4iset.<\/p>\n\n\n\n<p>Korea on siis kiehtova kieli ja rohkenen v\u00e4itt\u00e4\u00e4, ett\u00e4 suomenkieliset pystyv\u00e4t omaksumaan monet sen rakenteet helpommin kuin kielitypologisesti tyystin erilaista kielt\u00e4 puhuvat. Yrit\u00e4n t\u00e4ss\u00e4 siis oikeastaan mainostaa korean kielen opintoja, sill\u00e4 olisi ihanaa saada kollegoita. Varsinkin Han Kangin Nobel-palkinnon my\u00f6t\u00e4 ty\u00f6t\u00e4 koreankielisen kirjallisuuden suomentamisessa riitt\u00e4isi varmasti useammallekin.<\/p>\n\n\n\n<div class=\"wp-block-divi-layout\">[et_pb_section fb_built=&#8221;1&#8243; _builder_version=&#8221;4.17.4&#8243; _module_preset=&#8221;default&#8221; background_color=&#8221;#eff1ff&#8221; custom_margin=&#8221;40px||40px||false|false&#8221; custom_padding=&#8221;20px|40px|20px|40px|false|false&#8221; global_colors_info=&#8221;{}&#8221;][et_pb_row column_structure=&#8221;1_3,2_3&#8243; use_custom_gutter=&#8221;on&#8221; gutter_width=&#8221;2&#8243; _builder_version=&#8221;4.17.4&#8243; _module_preset=&#8221;default&#8221; width=&#8221;100%&#8221; max_width=&#8221;100%&#8221; global_colors_info=&#8221;{}&#8221;][et_pb_column type=&#8221;1_3&#8243; _builder_version=&#8221;4.17.4&#8243; _module_preset=&#8221;default&#8221; global_colors_info=&#8221;{}&#8221;][et_pb_image src=&#8221;https:\/\/xn--kntjmestari-l8aacb.fi\/km\/wp-content\/uploads\/2024\/12\/TaruSalminen-1299kasvot.jpg&#8221; title_text=&#8221;TaruSalminen-1299kasvot&#8221; _builder_version=&#8221;4.27.4&#8243; _module_preset=&#8221;default&#8221; border_radii=&#8221;on|5px|5px|5px|5px&#8221; global_colors_info=&#8221;{}&#8221;][\/et_pb_image][\/et_pb_column][et_pb_column type=&#8221;2_3&#8243; _builder_version=&#8221;4.17.4&#8243; _module_preset=&#8221;default&#8221; global_colors_info=&#8221;{}&#8221;][et_pb_team_member name=&#8221;Taru Salminen&#8221; position=&#8221;Korean kielen opettaja ja suomentaja&#8221; icon_color=&#8221;#005801&#8243; use_icon_font_size=&#8221;on&#8221; icon_font_size=&#8221;22px&#8221; _builder_version=&#8221;4.27.4&#8243; _module_preset=&#8221;default&#8221; header_level=&#8221;h2&#8243; body_text_color=&#8221;#000000&#8243; body_font_size=&#8221;14px&#8221; body_line_height=&#8221;1.5em&#8221; position_font=&#8221;|800|on||||||&#8221; position_text_color=&#8221;#005801&#8243; background_color=&#8221;RGBA(255,255,255,0)&#8221; text_orientation=&#8221;left&#8221; module_alignment=&#8221;center&#8221; hover_enabled=&#8221;0&#8243; custom_css_main_element=&#8221;border-radius:20px;&#8221; custom_css_member_image=&#8221;margin-bottom:35px;&#8221; border_radii_image=&#8221;on|5px|5px|5px|5px&#8221; border_color_all_image=&#8221;RGBA(255,255,255,0)&#8221; box_shadow_style_image=&#8221;preset1&#8243; global_colors_info=&#8221;{}&#8221; sticky_enabled=&#8221;0&#8243;]<p><span style=\"font-weight: 400;\">Taru Salminen on Korean kulttuurin ja kielen asiantuntija. H\u00e4n on opettanut koreaa Turun yliopistossa vuodesta 2017 l\u00e4htien. Lis\u00e4ksi h\u00e4n k\u00e4\u00e4nt\u00e4\u00e4 korealaista kirjallisuutta, viimeisimpin\u00e4 t\u00f6in\u00e4\u00e4n Nobel-palkitun Han Kangin teokset <em>Valkoinen kirja<\/em> ja <em>\u00c4l\u00e4 j\u00e4t\u00e4 hyv\u00e4stej\u00e4<\/em>.<\/span><\/p>[\/et_pb_team_member][\/et_pb_column][\/et_pb_row][\/et_pb_section]<\/div>\n","protected":false},"excerpt":{"rendered":"<p>Taru Salminen<br \/>\nKorean kielen asiantuntija valottaa kaukaiselta kuulostavan kielen kenties yll\u00e4tt\u00e4vi\u00e4kin yht\u00e4l\u00e4isyyksi\u00e4 suomen kanssa.<\/p>\n","protected":false},"author":7,"featured_media":1689,"comment_status":"closed","ping_status":"closed","sticky":false,"template":"","format":"standard","meta":{"_et_pb_use_builder":"","_et_pb_old_content":"","_et_gb_content_width":"","footnotes":""},"categories":[19,33],"tags":[131,132,130,74],"class_list":["post-1682","post","type-post","status-publish","format-standard","has-post-thumbnail","hentry","category-blogi","category-vieraskyna","tag-etela-korea","tag-han-kang","tag-korea","tag-suomentaminen"],"yoast_head":"<!-- This site is optimized with the Yoast SEO plugin v27.4 - https:\/\/yoast.com\/product\/yoast-seo-wordpress\/ -->\n<title>Suomi ja korea, samanlaiset mutta erilaiset - K\u00e4\u00e4nt\u00e4j\u00e4mestarin kirja<\/title>\n<meta name=\"description\" content=\"Korean kielen asiantuntija valottaa kaukaiselta kuulostavan kielen kenties yll\u00e4tt\u00e4vi\u00e4kin yht\u00e4l\u00e4isyyksi\u00e4 suomen kanssa.\" \/>\n<meta name=\"robots\" content=\"index, follow, max-snippet:-1, max-image-preview:large, max-video-preview:-1\" \/>\n<link rel=\"canonical\" href=\"https:\/\/xn--kntjmestari-l8aacb.fi\/km\/suomi-ja-korea-samanlaiset-mutta-erilaiset\/\" \/>\n<meta property=\"og:locale\" content=\"fi_FI\" \/>\n<meta property=\"og:type\" content=\"article\" \/>\n<meta property=\"og:title\" content=\"Koreasta ja suomesta suomentajan silmin\" \/>\n<meta property=\"og:description\" content=\"Vuoden viimeisess\u00e4 Vieraskyn\u00e4ss\u00e4 korea-asiantuntija Taru Salminen kertoo kiinnostavasti korean kielest\u00e4 ja sen kenties yll\u00e4tt\u00e4vist\u00e4kin yht\u00e4l\u00e4isyyksist\u00e4 suomen kanssa.\" \/>\n<meta property=\"og:url\" content=\"https:\/\/xn--kntjmestari-l8aacb.fi\/km\/suomi-ja-korea-samanlaiset-mutta-erilaiset\/\" \/>\n<meta property=\"og:site_name\" content=\"K\u00e4\u00e4nt\u00e4j\u00e4mestarin kirja\" \/>\n<meta property=\"article:published_time\" content=\"2024-12-16T14:24:39+00:00\" \/>\n<meta property=\"article:modified_time\" content=\"2024-12-17T10:32:07+00:00\" \/>\n<meta property=\"og:image\" content=\"https:\/\/xn--kntjmestari-l8aacb.fi\/km\/wp-content\/uploads\/2024\/12\/korean-flag-2639315_1280.jpg\" \/>\n\t<meta property=\"og:image:width\" content=\"1280\" \/>\n\t<meta property=\"og:image:height\" content=\"855\" \/>\n\t<meta property=\"og:image:type\" content=\"image\/jpeg\" \/>\n<meta name=\"author\" content=\"Anna M\u00e4ntynen\" \/>\n<meta name=\"twitter:card\" content=\"summary_large_image\" \/>\n<meta name=\"twitter:label1\" content=\"Kirjoittanut\" \/>\n\t<meta name=\"twitter:data1\" content=\"Anna M\u00e4ntynen\" \/>\n\t<meta name=\"twitter:label2\" content=\"Arvioitu lukuaika\" \/>\n\t<meta name=\"twitter:data2\" content=\"6 minuuttia\" \/>\n<script type=\"application\/ld+json\" class=\"yoast-schema-graph\">{\"@context\":\"https:\\\/\\\/schema.org\",\"@graph\":[{\"@type\":\"Article\",\"@id\":\"https:\\\/\\\/xn--kntjmestari-l8aacb.fi\\\/km\\\/suomi-ja-korea-samanlaiset-mutta-erilaiset\\\/#article\",\"isPartOf\":{\"@id\":\"https:\\\/\\\/xn--kntjmestari-l8aacb.fi\\\/km\\\/suomi-ja-korea-samanlaiset-mutta-erilaiset\\\/\"},\"author\":{\"name\":\"Anna M\u00e4ntynen\",\"@id\":\"https:\\\/\\\/xn--kntjmestari-l8aacb.fi\\\/km\\\/#\\\/schema\\\/person\\\/da7d58d8c8100f76bcf6eb554d0ebe91\"},\"headline\":\"Suomi ja korea, samanlaiset mutta erilaiset\",\"datePublished\":\"2024-12-16T14:24:39+00:00\",\"dateModified\":\"2024-12-17T10:32:07+00:00\",\"mainEntityOfPage\":{\"@id\":\"https:\\\/\\\/xn--kntjmestari-l8aacb.fi\\\/km\\\/suomi-ja-korea-samanlaiset-mutta-erilaiset\\\/\"},\"wordCount\":1064,\"publisher\":{\"@id\":\"https:\\\/\\\/xn--kntjmestari-l8aacb.fi\\\/km\\\/#organization\"},\"image\":{\"@id\":\"https:\\\/\\\/xn--kntjmestari-l8aacb.fi\\\/km\\\/suomi-ja-korea-samanlaiset-mutta-erilaiset\\\/#primaryimage\"},\"thumbnailUrl\":\"https:\\\/\\\/xn--kntjmestari-l8aacb.fi\\\/km\\\/wp-content\\\/uploads\\\/2024\\\/12\\\/korean-flag-2639315_1280.jpg\",\"keywords\":[\"etel\u00e4-korea\",\"han kang\",\"korea\",\"suomentaminen\"],\"articleSection\":[\"Blogi\",\"Vieraskyn\u00e4\"],\"inLanguage\":\"fi\"},{\"@type\":\"WebPage\",\"@id\":\"https:\\\/\\\/xn--kntjmestari-l8aacb.fi\\\/km\\\/suomi-ja-korea-samanlaiset-mutta-erilaiset\\\/\",\"url\":\"https:\\\/\\\/xn--kntjmestari-l8aacb.fi\\\/km\\\/suomi-ja-korea-samanlaiset-mutta-erilaiset\\\/\",\"name\":\"Suomi ja korea, samanlaiset mutta erilaiset - K\u00e4\u00e4nt\u00e4j\u00e4mestarin kirja\",\"isPartOf\":{\"@id\":\"https:\\\/\\\/xn--kntjmestari-l8aacb.fi\\\/km\\\/#website\"},\"primaryImageOfPage\":{\"@id\":\"https:\\\/\\\/xn--kntjmestari-l8aacb.fi\\\/km\\\/suomi-ja-korea-samanlaiset-mutta-erilaiset\\\/#primaryimage\"},\"image\":{\"@id\":\"https:\\\/\\\/xn--kntjmestari-l8aacb.fi\\\/km\\\/suomi-ja-korea-samanlaiset-mutta-erilaiset\\\/#primaryimage\"},\"thumbnailUrl\":\"https:\\\/\\\/xn--kntjmestari-l8aacb.fi\\\/km\\\/wp-content\\\/uploads\\\/2024\\\/12\\\/korean-flag-2639315_1280.jpg\",\"datePublished\":\"2024-12-16T14:24:39+00:00\",\"dateModified\":\"2024-12-17T10:32:07+00:00\",\"description\":\"Korean kielen asiantuntija valottaa kaukaiselta kuulostavan kielen kenties yll\u00e4tt\u00e4vi\u00e4kin yht\u00e4l\u00e4isyyksi\u00e4 suomen kanssa.\",\"breadcrumb\":{\"@id\":\"https:\\\/\\\/xn--kntjmestari-l8aacb.fi\\\/km\\\/suomi-ja-korea-samanlaiset-mutta-erilaiset\\\/#breadcrumb\"},\"inLanguage\":\"fi\",\"potentialAction\":[{\"@type\":\"ReadAction\",\"target\":[\"https:\\\/\\\/xn--kntjmestari-l8aacb.fi\\\/km\\\/suomi-ja-korea-samanlaiset-mutta-erilaiset\\\/\"]}]},{\"@type\":\"ImageObject\",\"inLanguage\":\"fi\",\"@id\":\"https:\\\/\\\/xn--kntjmestari-l8aacb.fi\\\/km\\\/suomi-ja-korea-samanlaiset-mutta-erilaiset\\\/#primaryimage\",\"url\":\"https:\\\/\\\/xn--kntjmestari-l8aacb.fi\\\/km\\\/wp-content\\\/uploads\\\/2024\\\/12\\\/korean-flag-2639315_1280.jpg\",\"contentUrl\":\"https:\\\/\\\/xn--kntjmestari-l8aacb.fi\\\/km\\\/wp-content\\\/uploads\\\/2024\\\/12\\\/korean-flag-2639315_1280.jpg\",\"width\":1280,\"height\":855},{\"@type\":\"BreadcrumbList\",\"@id\":\"https:\\\/\\\/xn--kntjmestari-l8aacb.fi\\\/km\\\/suomi-ja-korea-samanlaiset-mutta-erilaiset\\\/#breadcrumb\",\"itemListElement\":[{\"@type\":\"ListItem\",\"position\":1,\"name\":\"Etusivu\",\"item\":\"https:\\\/\\\/xn--kntjmestari-l8aacb.fi\\\/km\\\/\"},{\"@type\":\"ListItem\",\"position\":2,\"name\":\"Suomi ja korea, samanlaiset mutta erilaiset\"}]},{\"@type\":\"WebSite\",\"@id\":\"https:\\\/\\\/xn--kntjmestari-l8aacb.fi\\\/km\\\/#website\",\"url\":\"https:\\\/\\\/xn--kntjmestari-l8aacb.fi\\\/km\\\/\",\"name\":\"K\u00e4\u00e4nt\u00e4j\u00e4mestarin kirja\",\"description\":\"k\u00e4yt\u00e4nn\u00f6n opas aloitteleville k\u00e4\u00e4nt\u00e4jille ja tulkeille\",\"publisher\":{\"@id\":\"https:\\\/\\\/xn--kntjmestari-l8aacb.fi\\\/km\\\/#organization\"},\"potentialAction\":[{\"@type\":\"SearchAction\",\"target\":{\"@type\":\"EntryPoint\",\"urlTemplate\":\"https:\\\/\\\/xn--kntjmestari-l8aacb.fi\\\/km\\\/?s={search_term_string}\"},\"query-input\":{\"@type\":\"PropertyValueSpecification\",\"valueRequired\":true,\"valueName\":\"search_term_string\"}}],\"inLanguage\":\"fi\"},{\"@type\":\"Organization\",\"@id\":\"https:\\\/\\\/xn--kntjmestari-l8aacb.fi\\\/km\\\/#organization\",\"name\":\"K\u00e4\u00e4nt\u00e4j\u00e4mestarit\",\"url\":\"https:\\\/\\\/xn--kntjmestari-l8aacb.fi\\\/km\\\/\",\"logo\":{\"@type\":\"ImageObject\",\"inLanguage\":\"fi\",\"@id\":\"https:\\\/\\\/xn--kntjmestari-l8aacb.fi\\\/km\\\/#\\\/schema\\\/logo\\\/image\\\/\",\"url\":\"https:\\\/\\\/xn--kntjmestari-l8aacb.fi\\\/km\\\/wp-content\\\/uploads\\\/2021\\\/12\\\/logo.jpg\",\"contentUrl\":\"https:\\\/\\\/xn--kntjmestari-l8aacb.fi\\\/km\\\/wp-content\\\/uploads\\\/2021\\\/12\\\/logo.jpg\",\"width\":509,\"height\":530,\"caption\":\"K\u00e4\u00e4nt\u00e4j\u00e4mestarit\"},\"image\":{\"@id\":\"https:\\\/\\\/xn--kntjmestari-l8aacb.fi\\\/km\\\/#\\\/schema\\\/logo\\\/image\\\/\"}},{\"@type\":\"Person\",\"@id\":\"https:\\\/\\\/xn--kntjmestari-l8aacb.fi\\\/km\\\/#\\\/schema\\\/person\\\/da7d58d8c8100f76bcf6eb554d0ebe91\",\"name\":\"Anna M\u00e4ntynen\",\"image\":{\"@type\":\"ImageObject\",\"inLanguage\":\"fi\",\"@id\":\"https:\\\/\\\/secure.gravatar.com\\\/avatar\\\/7fb46d0fe9184bba49c15b9caa85ef2d631c27a206dd3ee146d840632b1e734d?s=96&d=mm&r=g\",\"url\":\"https:\\\/\\\/secure.gravatar.com\\\/avatar\\\/7fb46d0fe9184bba49c15b9caa85ef2d631c27a206dd3ee146d840632b1e734d?s=96&d=mm&r=g\",\"contentUrl\":\"https:\\\/\\\/secure.gravatar.com\\\/avatar\\\/7fb46d0fe9184bba49c15b9caa85ef2d631c27a206dd3ee146d840632b1e734d?s=96&d=mm&r=g\",\"caption\":\"Anna M\u00e4ntynen\"},\"url\":\"https:\\\/\\\/xn--kntjmestari-l8aacb.fi\\\/km\\\/author\\\/annatranslato-fi\\\/\"}]}<\/script>\n<!-- \/ Yoast SEO plugin. -->","yoast_head_json":{"title":"Suomi ja korea, samanlaiset mutta erilaiset - K\u00e4\u00e4nt\u00e4j\u00e4mestarin kirja","description":"Korean kielen asiantuntija valottaa kaukaiselta kuulostavan kielen kenties yll\u00e4tt\u00e4vi\u00e4kin yht\u00e4l\u00e4isyyksi\u00e4 suomen kanssa.","robots":{"index":"index","follow":"follow","max-snippet":"max-snippet:-1","max-image-preview":"max-image-preview:large","max-video-preview":"max-video-preview:-1"},"canonical":"https:\/\/xn--kntjmestari-l8aacb.fi\/km\/suomi-ja-korea-samanlaiset-mutta-erilaiset\/","og_locale":"fi_FI","og_type":"article","og_title":"Koreasta ja suomesta suomentajan silmin","og_description":"Vuoden viimeisess\u00e4 Vieraskyn\u00e4ss\u00e4 korea-asiantuntija Taru Salminen kertoo kiinnostavasti korean kielest\u00e4 ja sen kenties yll\u00e4tt\u00e4vist\u00e4kin yht\u00e4l\u00e4isyyksist\u00e4 suomen kanssa.","og_url":"https:\/\/xn--kntjmestari-l8aacb.fi\/km\/suomi-ja-korea-samanlaiset-mutta-erilaiset\/","og_site_name":"K\u00e4\u00e4nt\u00e4j\u00e4mestarin kirja","article_published_time":"2024-12-16T14:24:39+00:00","article_modified_time":"2024-12-17T10:32:07+00:00","og_image":[{"width":1280,"height":855,"url":"https:\/\/xn--kntjmestari-l8aacb.fi\/km\/wp-content\/uploads\/2024\/12\/korean-flag-2639315_1280.jpg","type":"image\/jpeg"}],"author":"Anna M\u00e4ntynen","twitter_card":"summary_large_image","twitter_misc":{"Kirjoittanut":"Anna M\u00e4ntynen","Arvioitu lukuaika":"6 minuuttia"},"schema":{"@context":"https:\/\/schema.org","@graph":[{"@type":"Article","@id":"https:\/\/xn--kntjmestari-l8aacb.fi\/km\/suomi-ja-korea-samanlaiset-mutta-erilaiset\/#article","isPartOf":{"@id":"https:\/\/xn--kntjmestari-l8aacb.fi\/km\/suomi-ja-korea-samanlaiset-mutta-erilaiset\/"},"author":{"name":"Anna M\u00e4ntynen","@id":"https:\/\/xn--kntjmestari-l8aacb.fi\/km\/#\/schema\/person\/da7d58d8c8100f76bcf6eb554d0ebe91"},"headline":"Suomi ja korea, samanlaiset mutta erilaiset","datePublished":"2024-12-16T14:24:39+00:00","dateModified":"2024-12-17T10:32:07+00:00","mainEntityOfPage":{"@id":"https:\/\/xn--kntjmestari-l8aacb.fi\/km\/suomi-ja-korea-samanlaiset-mutta-erilaiset\/"},"wordCount":1064,"publisher":{"@id":"https:\/\/xn--kntjmestari-l8aacb.fi\/km\/#organization"},"image":{"@id":"https:\/\/xn--kntjmestari-l8aacb.fi\/km\/suomi-ja-korea-samanlaiset-mutta-erilaiset\/#primaryimage"},"thumbnailUrl":"https:\/\/xn--kntjmestari-l8aacb.fi\/km\/wp-content\/uploads\/2024\/12\/korean-flag-2639315_1280.jpg","keywords":["etel\u00e4-korea","han kang","korea","suomentaminen"],"articleSection":["Blogi","Vieraskyn\u00e4"],"inLanguage":"fi"},{"@type":"WebPage","@id":"https:\/\/xn--kntjmestari-l8aacb.fi\/km\/suomi-ja-korea-samanlaiset-mutta-erilaiset\/","url":"https:\/\/xn--kntjmestari-l8aacb.fi\/km\/suomi-ja-korea-samanlaiset-mutta-erilaiset\/","name":"Suomi ja korea, samanlaiset mutta erilaiset - K\u00e4\u00e4nt\u00e4j\u00e4mestarin kirja","isPartOf":{"@id":"https:\/\/xn--kntjmestari-l8aacb.fi\/km\/#website"},"primaryImageOfPage":{"@id":"https:\/\/xn--kntjmestari-l8aacb.fi\/km\/suomi-ja-korea-samanlaiset-mutta-erilaiset\/#primaryimage"},"image":{"@id":"https:\/\/xn--kntjmestari-l8aacb.fi\/km\/suomi-ja-korea-samanlaiset-mutta-erilaiset\/#primaryimage"},"thumbnailUrl":"https:\/\/xn--kntjmestari-l8aacb.fi\/km\/wp-content\/uploads\/2024\/12\/korean-flag-2639315_1280.jpg","datePublished":"2024-12-16T14:24:39+00:00","dateModified":"2024-12-17T10:32:07+00:00","description":"Korean kielen asiantuntija valottaa kaukaiselta kuulostavan kielen kenties yll\u00e4tt\u00e4vi\u00e4kin yht\u00e4l\u00e4isyyksi\u00e4 suomen kanssa.","breadcrumb":{"@id":"https:\/\/xn--kntjmestari-l8aacb.fi\/km\/suomi-ja-korea-samanlaiset-mutta-erilaiset\/#breadcrumb"},"inLanguage":"fi","potentialAction":[{"@type":"ReadAction","target":["https:\/\/xn--kntjmestari-l8aacb.fi\/km\/suomi-ja-korea-samanlaiset-mutta-erilaiset\/"]}]},{"@type":"ImageObject","inLanguage":"fi","@id":"https:\/\/xn--kntjmestari-l8aacb.fi\/km\/suomi-ja-korea-samanlaiset-mutta-erilaiset\/#primaryimage","url":"https:\/\/xn--kntjmestari-l8aacb.fi\/km\/wp-content\/uploads\/2024\/12\/korean-flag-2639315_1280.jpg","contentUrl":"https:\/\/xn--kntjmestari-l8aacb.fi\/km\/wp-content\/uploads\/2024\/12\/korean-flag-2639315_1280.jpg","width":1280,"height":855},{"@type":"BreadcrumbList","@id":"https:\/\/xn--kntjmestari-l8aacb.fi\/km\/suomi-ja-korea-samanlaiset-mutta-erilaiset\/#breadcrumb","itemListElement":[{"@type":"ListItem","position":1,"name":"Etusivu","item":"https:\/\/xn--kntjmestari-l8aacb.fi\/km\/"},{"@type":"ListItem","position":2,"name":"Suomi ja korea, samanlaiset mutta erilaiset"}]},{"@type":"WebSite","@id":"https:\/\/xn--kntjmestari-l8aacb.fi\/km\/#website","url":"https:\/\/xn--kntjmestari-l8aacb.fi\/km\/","name":"K\u00e4\u00e4nt\u00e4j\u00e4mestarin kirja","description":"k\u00e4yt\u00e4nn\u00f6n opas aloitteleville k\u00e4\u00e4nt\u00e4jille ja tulkeille","publisher":{"@id":"https:\/\/xn--kntjmestari-l8aacb.fi\/km\/#organization"},"potentialAction":[{"@type":"SearchAction","target":{"@type":"EntryPoint","urlTemplate":"https:\/\/xn--kntjmestari-l8aacb.fi\/km\/?s={search_term_string}"},"query-input":{"@type":"PropertyValueSpecification","valueRequired":true,"valueName":"search_term_string"}}],"inLanguage":"fi"},{"@type":"Organization","@id":"https:\/\/xn--kntjmestari-l8aacb.fi\/km\/#organization","name":"K\u00e4\u00e4nt\u00e4j\u00e4mestarit","url":"https:\/\/xn--kntjmestari-l8aacb.fi\/km\/","logo":{"@type":"ImageObject","inLanguage":"fi","@id":"https:\/\/xn--kntjmestari-l8aacb.fi\/km\/#\/schema\/logo\/image\/","url":"https:\/\/xn--kntjmestari-l8aacb.fi\/km\/wp-content\/uploads\/2021\/12\/logo.jpg","contentUrl":"https:\/\/xn--kntjmestari-l8aacb.fi\/km\/wp-content\/uploads\/2021\/12\/logo.jpg","width":509,"height":530,"caption":"K\u00e4\u00e4nt\u00e4j\u00e4mestarit"},"image":{"@id":"https:\/\/xn--kntjmestari-l8aacb.fi\/km\/#\/schema\/logo\/image\/"}},{"@type":"Person","@id":"https:\/\/xn--kntjmestari-l8aacb.fi\/km\/#\/schema\/person\/da7d58d8c8100f76bcf6eb554d0ebe91","name":"Anna M\u00e4ntynen","image":{"@type":"ImageObject","inLanguage":"fi","@id":"https:\/\/secure.gravatar.com\/avatar\/7fb46d0fe9184bba49c15b9caa85ef2d631c27a206dd3ee146d840632b1e734d?s=96&d=mm&r=g","url":"https:\/\/secure.gravatar.com\/avatar\/7fb46d0fe9184bba49c15b9caa85ef2d631c27a206dd3ee146d840632b1e734d?s=96&d=mm&r=g","contentUrl":"https:\/\/secure.gravatar.com\/avatar\/7fb46d0fe9184bba49c15b9caa85ef2d631c27a206dd3ee146d840632b1e734d?s=96&d=mm&r=g","caption":"Anna M\u00e4ntynen"},"url":"https:\/\/xn--kntjmestari-l8aacb.fi\/km\/author\/annatranslato-fi\/"}]}},"_links":{"self":[{"href":"https:\/\/xn--kntjmestari-l8aacb.fi\/km\/wp-json\/wp\/v2\/posts\/1682","targetHints":{"allow":["GET"]}}],"collection":[{"href":"https:\/\/xn--kntjmestari-l8aacb.fi\/km\/wp-json\/wp\/v2\/posts"}],"about":[{"href":"https:\/\/xn--kntjmestari-l8aacb.fi\/km\/wp-json\/wp\/v2\/types\/post"}],"author":[{"embeddable":true,"href":"https:\/\/xn--kntjmestari-l8aacb.fi\/km\/wp-json\/wp\/v2\/users\/7"}],"replies":[{"embeddable":true,"href":"https:\/\/xn--kntjmestari-l8aacb.fi\/km\/wp-json\/wp\/v2\/comments?post=1682"}],"version-history":[{"count":4,"href":"https:\/\/xn--kntjmestari-l8aacb.fi\/km\/wp-json\/wp\/v2\/posts\/1682\/revisions"}],"predecessor-version":[{"id":1688,"href":"https:\/\/xn--kntjmestari-l8aacb.fi\/km\/wp-json\/wp\/v2\/posts\/1682\/revisions\/1688"}],"wp:featuredmedia":[{"embeddable":true,"href":"https:\/\/xn--kntjmestari-l8aacb.fi\/km\/wp-json\/wp\/v2\/media\/1689"}],"wp:attachment":[{"href":"https:\/\/xn--kntjmestari-l8aacb.fi\/km\/wp-json\/wp\/v2\/media?parent=1682"}],"wp:term":[{"taxonomy":"category","embeddable":true,"href":"https:\/\/xn--kntjmestari-l8aacb.fi\/km\/wp-json\/wp\/v2\/categories?post=1682"},{"taxonomy":"post_tag","embeddable":true,"href":"https:\/\/xn--kntjmestari-l8aacb.fi\/km\/wp-json\/wp\/v2\/tags?post=1682"}],"curies":[{"name":"wp","href":"https:\/\/api.w.org\/{rel}","templated":true}]}}