{"id":700,"date":"2022-06-15T06:44:14","date_gmt":"2022-06-15T06:44:14","guid":{"rendered":"https:\/\/xn--kntjmestari-l8aacb.fi\/km\/?p=700"},"modified":"2023-10-19T13:55:23","modified_gmt":"2023-10-19T10:55:23","slug":"konferenssituulia-haistelemassa-3","status":"publish","type":"post","link":"https:\/\/xn--kntjmestari-l8aacb.fi\/km\/konferenssituulia-haistelemassa-3\/","title":{"rendered":"Konferenssi\u00ad\u00adtuulia haistelemassa"},"content":{"rendered":"<p>[et_pb_section admin_label=&#8221;section&#8221;][et_pb_row admin_label=&#8221;row&#8221;][et_pb_column type=&#8221;4_4&#8243;][et_pb_text]<\/p>\n<p>Osallistuin toukokuussa kahteen kansainv\u00e4liseen k\u00e4\u00e4nn\u00f6salan konferenssiin. Ruotsin SF\u00d6:n konferenssi j\u00e4rjestettiin 6.\u20138.5. Karlstadissa, ja olin siell\u00e4 puhumassa otsikolla <em>Rethinking your earning logic \u2013 shift your pricing into a new gear. <\/em>Sitten matka jatkui Lissaboniin, jossa j\u00e4rjestettiin BP22-konferenssi. Siell\u00e4 olin ihan vain oman kiinnostuksen takia, mutta molemmat konferenssit tarjosivat Ter\u00e4ss\u00e4-j\u00e4rjest\u00e4j\u00e4lle my\u00f6s mielenkiintoisen vertailukohdan.<\/p>\n<p>Svenska Fack\u00f6versettarf\u00f6reningill\u00e4 eli SF\u00d6:ll\u00e4 on noin 1 000 j\u00e4sent\u00e4, ja se j\u00e4rjest\u00e4\u00e4 joka vuosi suuren konferenssin. T\u00e4m\u00e4n vuoden teemana oli Extra Allt, ja puhujia oli ensivaikutelmia tutkivasta psykologista k\u00e4\u00e4nn\u00f6sruotsin tutkijaan ja UX-kirjoittajaan. Kattaus oli mielenkiintoinen, ja kaksip\u00e4iv\u00e4iseen konferenssiin mahtui my\u00f6s monia kahvitaukoja ja tilaisuuksia verkostoitumiseen. N\u00e4ytteilleasettajia oli paljon, ja hekin saivat ohjelmassa oman sanansa.&nbsp;<\/p>\n<p>Ohjelmassa ei ollut rinnakkaisesityksi\u00e4, joten valinnan vaikeutta ei ollut. Esitysten pituus vaihteli puolesta tunnista tuntiin, ja aikataulu oli tosiaan hyvin v\u00e4lj\u00e4. Tehokkaana suomalaisena ajattelin, ett\u00e4 tapahtuman olisi saanut helposti tiivistetty\u00e4 yhteen p\u00e4iv\u00e4\u00e4n, mutta monille osallistujille seurustelu ja tuttujen tapaaminen oli v\u00e4hint\u00e4\u00e4n yht\u00e4 t\u00e4rke\u00e4\u00e4 \u2013 ellei t\u00e4rke\u00e4mp\u00e4\u00e4kin tuoreeltaan pandemiarajoitusten j\u00e4lkeen. Ja tiukan asian naisena ehk\u00e4 en olisi tarvinnut kuuluisan psykologin sin\u00e4ns\u00e4 viihdytt\u00e4v\u00e4\u00e4 esityst\u00e4, joka ei kuitenkaan antanut luvattuja ty\u00f6kaluja mukaan otettaviksi. <a href=\"https:\/\/e-versattaren.sfoe.se\/taggar\/sfo-konferens-2022\/\">SF\u00d6:n verkkojulkaisussa <\/a>on kerrottu lis\u00e4\u00e4 konferenssin esitelmist\u00e4.<\/p>\n<p>Toinen konferenssi oli heti per\u00e4\u00e4n BP22 Lissabonissa. BP:n tarina alkaa Budapestist\u00e4 ja k\u00e4\u00e4nt\u00e4j\u00e4st\u00e4 nimelt\u00e4 Czaba Ban, joka suuren k\u00e4\u00e4nn\u00f6surakan j\u00e4lkeen kaipasi kollegoiden tapaamista. Vuonna 2014 pidettiin ensimm\u00e4inen konferenssi Budapestissa, siit\u00e4 nimitys BP. My\u00f6hemmin BP-lyhenne on mukautunut moneen, t\u00e4n\u00e4 vuonna osanottajien nimikylteiss\u00e4 luki Badass Polyglot. Czaban ja BP:n tarina on kerrottu <a href=\"https:\/\/bpconf.com\/story-bp-translation-conferences\/\">BP-konferenssin sivuilla.<\/a><\/p>\n<p>BP on Euroopan k\u00e4\u00e4nt\u00e4jille ja tulkeille suunnattu tapahtuma, jonka j\u00e4rjest\u00e4j\u00e4 on itsen\u00e4inen taho. Yht\u00e4l\u00e4isyydet Ter\u00e4ss\u00e4-tapahtumaan ovat ilmeiset \u2013 muista toimijoista riippumaton ja syntynyt yhden tai muutaman ihmisen ideasta. Toivotaan, ett\u00e4 Ter\u00e4ss\u00e4kin kasvaa samoihin mittoihin!<\/p>\n<p>T\u00e4n\u00e4 vuonna konferenssiin osallistui noin 200 k\u00e4\u00e4nt\u00e4j\u00e4\u00e4 paikan p\u00e4\u00e4ll\u00e4 Lissabonissa ja saman verran kotoa k\u00e4sin. Tekniset j\u00e4rjestelyt olivat huippuluokkaa, isossa salissa kuvaa et\u00e4yhteyksille tuotti kolme kameraa, pienemmiss\u00e4 saleissa yksi kamera. Konferenssipaikkana toimi suuri hotelli, ja iltaisin kokoonnuttiin (melko ahtaasti) sy\u00f6m\u00e4\u00e4n muualle. Tapahtuman yhteydess\u00e4 j\u00e4rjestet\u00e4\u00e4n my\u00f6s ATA:n tutkinto, ja oheisohjelmaakin l\u00f6ytyi. Osallistujien k\u00e4yt\u00f6ss\u00e4 oli sovellus, jonka kautta pystyi r\u00e4\u00e4t\u00e4l\u00f6im\u00e4\u00e4n itselleen oman ohjelman, pit\u00e4m\u00e4\u00e4n yhteytt\u00e4 muiden osallistujien kanssa ja j\u00e4rjest\u00e4m\u00e4\u00e4n vaikkapa tietyn kielen puhujien tapaamisia. Lis\u00e4ksi sessioissa k\u00e4ytettiin SliDo-sovellusta kyselyihin ja kysymyksiin. Eritt\u00e4in interaktiivista toimintaa siis.<\/p>\n<p>Konferenssin keynote-puhuja oli Renato Beninatto, Nimdzi-tutkimusorganisaation perustaja. H\u00e4n puhui muuttuvasta kielipalvelualasta ja korosti luotettavuuden ja laadun merkityst\u00e4 kilpailuvalttina. Puhujalistalla oli monia nimekk\u00e4it\u00e4 puhujia, mm. ruotsalais-amerikkalainen Tess Whitty, joka pit\u00e4\u00e4 blogia nimelt\u00e4 <a href=\"https:\/\/marketingtipsfortranslators.com\/\">Marketing Tips for Translators<\/a>. Tessin podcastit ovat nyt tauolla, mutta arkisto on kuultavissa. Tess korosti lis\u00e4palvelun tarjoamista nykyisille asiakkaille yhten\u00e4 keinona kasvattaa liikevaihtoa. H\u00e4n viittasi esityksess\u00e4\u00e4n viime Ter\u00e4ss\u00e4-p\u00e4iv\u00e4ss\u00e4 esittelem\u00e4\u00e4ni asiakkaiden pisteytystaulukkoon, jonka h\u00e4n oli bongannut SF\u00d6:n esitelm\u00e4st\u00e4ni.<\/p>\n<p>Konferenssissa oli kymmeni\u00e4 esityksi\u00e4, jotka jakaantuivat kolmeen eri saliin, joten valinnanvaraa riitti. Itse keskityin kuuntelemaan itsens\u00e4 kehitt\u00e4miseen, johtamiseen ja markkinointiin sek\u00e4 hinnoitteluun keskittyvi\u00e4 aiheita. Teemat olivat kovin tutun kuuloisia my\u00f6s Ter\u00e4ss\u00e4-ammattip\u00e4iv\u00e4st\u00e4: usko itseesi, vahvista verkostojasi, ole luotettava yhteisty\u00f6kumppani, \u00e4l\u00e4 pelk\u00e4\u00e4 neuvotella hinnoista, pid\u00e4 huolta omasta hyvinvoinnistasi. Ja tietysti ajantasaiset ty\u00f6kalut olivat yksi teema \u2013 siin\u00e4 kohtaa osui omalle kohdalle konferenssin ainoa esitys, jonka anti j\u00e4i itselleni todella laihaksi. Mutta heikompikin esitys toimii mittatikkuna omalle toiminnalle, jolloin voi vain todeta ett\u00e4 aha, tuon tiesin ja olen jo ottanut huomioon.<\/p>\n<p>Viimeisest\u00e4 paneelikeskustelusta j\u00e4i mieleen erityisesti belgialaisen Herman Boelin loistava viisaus: yrityksesi t\u00e4rkein voimavara olet sin\u00e4 itse. Kannattaa siis pit\u00e4\u00e4 huolta itsest\u00e4\u00e4n ja jaksamisestaan, jotta elanto on turvattu. Kaikki loppupanelistitkin olivat sit\u00e4 mielt\u00e4, ett\u00e4 k\u00e4\u00e4nt\u00e4minen ja tulkkaus eiv\u00e4t suinkaan ole auringonlaskun aloja, mutta meid\u00e4n on pystytt\u00e4v\u00e4 muuttumaan ja pysytt\u00e4v\u00e4 jatkuvassa muutoksessa mukana. Se onkin hyv\u00e4 tuliainen kotiin tuotavaksi sek\u00e4 ihan henkil\u00f6kohtaisesti ett\u00e4 Ter\u00e4ss\u00e4-ammattip\u00e4iv\u00e4n n\u00e4k\u00f6kulmasta.<\/p>\n<p>[\/et_pb_text][\/et_pb_column][\/et_pb_row][\/et_pb_section][et_pb_section fb_built=&#8221;1&#8243; _builder_version=&#8221;4.17.4&#8243; _module_preset=&#8221;default&#8221; background_color=&#8221;#eff1ff&#8221; custom_margin=&#8221;40px||40px||false|false&#8221; custom_padding=&#8221;20px|40px|20px|40px|false|false&#8221; global_colors_info=&#8221;{}&#8221;][et_pb_row column_structure=&#8221;1_3,2_3&#8243; use_custom_gutter=&#8221;on&#8221; gutter_width=&#8221;2&#8243; _builder_version=&#8221;4.17.4&#8243; _module_preset=&#8221;default&#8221; width=&#8221;100%&#8221; max_width=&#8221;100%&#8221; global_colors_info=&#8221;{}&#8221;][et_pb_column type=&#8221;1_3&#8243; _builder_version=&#8221;4.17.4&#8243; _module_preset=&#8221;default&#8221; global_colors_info=&#8221;{}&#8221;][et_pb_image src=&#8221;https:\/\/xn--kntjmestari-l8aacb.fi\/km\/wp-content\/uploads\/2022\/06\/tiina-kuva.jpg&#8221; title_text=&#8221;tiina kuva&#8221; _builder_version=&#8221;4.17.4&#8243; _module_preset=&#8221;default&#8221; hover_enabled=&#8221;0&#8243; border_radii=&#8221;on|5px|5px|5px|5px&#8221; global_colors_info=&#8221;{}&#8221; sticky_enabled=&#8221;0&#8243;][\/et_pb_image][\/et_pb_column][et_pb_column type=&#8221;2_3&#8243; _builder_version=&#8221;4.17.4&#8243; _module_preset=&#8221;default&#8221; global_colors_info=&#8221;{}&#8221;][et_pb_team_member name=&#8221;TIINA kINNUNEN&#8221; position=&#8221;AV-K\u00c4\u00c4NT\u00c4J\u00c4&#8221; linkedin_url=&#8221;https:\/\/www.linkedin.com\/in\/tiina-kinnunen\/&#8221; icon_color=&#8221;#005801&#8243; use_icon_font_size=&#8221;on&#8221; icon_font_size=&#8221;22px&#8221; _builder_version=&#8221;4.17.4&#8243; _module_preset=&#8221;default&#8221; header_level=&#8221;h2&#8243; body_text_color=&#8221;#000000&#8243; body_font_size=&#8221;14px&#8221; body_line_height=&#8221;1.5em&#8221; position_font=&#8221;|800|on||||||&#8221; position_text_color=&#8221;#005801&#8243; background_color=&#8221;RGBA(255,255,255,0)&#8221; text_orientation=&#8221;left&#8221; module_alignment=&#8221;center&#8221; hover_enabled=&#8221;0&#8243; custom_css_main_element=&#8221;border-radius:20px;&#8221; custom_css_member_image=&#8221;margin-bottom:35px;&#8221; border_radii_image=&#8221;on|5px|5px|5px|5px&#8221; border_color_all_image=&#8221;RGBA(255,255,255,0)&#8221; box_shadow_style_image=&#8221;preset1&#8243; global_colors_info=&#8221;{}&#8221; twitter_url=&#8221;@TiinaKin&#8221; sticky_enabled=&#8221;0&#8243;]<\/p>\n<p><span>Tiina Kinnunen on pitk\u00e4n linjan av-k\u00e4\u00e4nt\u00e4j\u00e4 ja av-k\u00e4\u00e4nt\u00e4misen matkasaarnaaja. Uusien k\u00e4\u00e4nt\u00e4jien koulutus ja yhteisty\u00f6 yliopistojen kanssa ovat l\u00e4hell\u00e4 h\u00e4nen syd\u00e4nt\u00e4\u00e4n, ja h\u00e4n vierailee usein puhumassa k\u00e4\u00e4nt\u00e4misest\u00e4 opiskelijoille. Tiina on my\u00f6s pit\u00e4nyt lukuisia esityksi\u00e4 ammattimaisesta k\u00e4\u00e4nt\u00e4j\u00e4kuvasta kansainv\u00e4lisiss\u00e4 konferensseissa.<\/span><\/p>\n<p><span>Tiina on ollut mukana tekem\u00e4ss\u00e4 K\u00e4\u00e4nt\u00e4j\u00e4mestarin kirjaa, ja h\u00e4n toimii t\u00e4ll\u00e4 hetkell\u00e4 K\u00e4\u00e4nt\u00e4j\u00e4mestarit ry:n puheenjohtajana.<\/span><\/p>\n<p>[\/et_pb_team_member][\/et_pb_column][\/et_pb_row][\/et_pb_section]<\/p>\n","protected":false},"excerpt":{"rendered":"<p>Tiina Kinnunen, av-k\u00e4\u00e4nt\u00e4j\u00e4<br \/>\nK\u00e4\u00e4nt\u00e4j\u00e4mestarit ry:n puheenjohtaja osallistui toukokuussa 2022 k\u00e4\u00e4nn\u00f6salan konferensseihin Ruotsissa ja Portugalissa. Kotiin tuomisina oli (vanhoja ja uusia) ajatuksia ammattimaisuudesta, k\u00e4\u00e4nn\u00f6s- ja tulkkausalan tulevaisuudesta ja v\u00e4h\u00e4n konferenssij\u00e4rjestelyist\u00e4kin.<\/p>\n","protected":false},"author":1,"featured_media":12,"comment_status":"closed","ping_status":"open","sticky":false,"template":"","format":"standard","meta":{"_et_pb_use_builder":"on","_et_pb_old_content":"<!-- wp:paragraph -->\n<p>Osallistuin toukokuussa kahteen kansainv\u00e4liseen k\u00e4\u00e4nn\u00f6salan konferenssiin. Ruotsin SF\u00d6:n konferenssi j\u00e4rjestettiin 6.\u20138.5. Karlstadissa, ja olin siell\u00e4 puhumassa otsikolla <em>Rethinking your earning logic \u2013 shift your pricing into a new gear. <\/em>Sitten matka jatkui Lissaboniin, jossa j\u00e4rjestettiin BP22-konferenssi. Siell\u00e4 olin ihan vain oman kiinnostuksen takia, mutta molemmat konferenssit tarjosivat Ter\u00e4ss\u00e4-j\u00e4rjest\u00e4j\u00e4lle my\u00f6s mielenkiintoisen vertailukohdan.<\/p>\n<!-- \/wp:paragraph -->\n\n<!-- wp:paragraph -->\n<p>Svenska Fack\u00f6versettarf\u00f6reningill\u00e4 eli SF\u00d6:ll\u00e4 on noin 1 000 j\u00e4sent\u00e4, ja se j\u00e4rjest\u00e4\u00e4 joka vuosi suuren konferenssin. T\u00e4m\u00e4n vuoden teemana oli Extra Allt, ja puhujia oli ensivaikutelmia tutkivasta psykologista k\u00e4\u00e4nn\u00f6sruotsin tutkijaan ja UX-kirjoittajaan. Kattaus oli mielenkiintoinen, ja kaksip\u00e4iv\u00e4iseen konferenssiin mahtui my\u00f6s monia kahvitaukoja ja tilaisuuksia verkostoitumiseen. N\u00e4ytteilleasettajia oli paljon, ja hekin saivat ohjelmassa oman sanansa.&nbsp;<\/p>\n<!-- \/wp:paragraph -->\n\n<!-- wp:paragraph -->\n<p>Ohjelmassa ei ollut rinnakkaisesityksi\u00e4, joten valinnan vaikeutta ei ollut. Esitysten pituus vaihteli puolesta tunnista tuntiin, ja aikataulu oli tosiaan hyvin v\u00e4lj\u00e4. Tehokkaana suomalaisena ajattelin, ett\u00e4 tapahtuman olisi saanut helposti tiivistetty\u00e4 yhteen p\u00e4iv\u00e4\u00e4n, mutta monille osallistujille seurustelu ja tuttujen tapaaminen oli v\u00e4hint\u00e4\u00e4n yht\u00e4 t\u00e4rke\u00e4\u00e4 \u2013 ellei t\u00e4rke\u00e4mp\u00e4\u00e4kin tuoreeltaan pandemiarajoitusten j\u00e4lkeen. Ja tiukan asian naisena ehk\u00e4 en olisi tarvinnut kuuluisan psykologin sin\u00e4ns\u00e4 viihdytt\u00e4v\u00e4\u00e4 esityst\u00e4, joka ei kuitenkaan antanut luvattuja ty\u00f6kaluja mukaan otettaviksi. <a href=\"https:\/\/e-versattaren.sfoe.se\/taggar\/sfo-konferens-2022\/\">SF\u00d6:n verkkojulkaisussa <\/a>on kerrottu lis\u00e4\u00e4 konferenssin esitelmist\u00e4.<\/p>\n<!-- \/wp:paragraph -->\n\n<!-- wp:paragraph -->\n<p>Toinen konferenssi oli heti per\u00e4\u00e4n BP22 Lissabonissa. BP:n tarina alkaa Budapestist\u00e4 ja k\u00e4\u00e4nt\u00e4j\u00e4st\u00e4 nimelt\u00e4 Czaba Ban, joka suuren k\u00e4\u00e4nn\u00f6surakan j\u00e4lkeen kaipasi kollegoiden tapaamista. Vuonna 2014 pidettiin ensimm\u00e4inen konferenssi Budapestissa, siit\u00e4 nimitys BP. My\u00f6hemmin BP-lyhenne on mukautunut moneen, t\u00e4n\u00e4 vuonna osanottajien nimikylteiss\u00e4 luki Badass Polyglot. Czaban ja BP:n tarina on kerrottu <a href=\"https:\/\/bpconf.com\/story-bp-translation-conferences\/\">BP-konferenssin sivuilla.<\/a><\/p>\n<!-- \/wp:paragraph -->\n\n<!-- wp:paragraph -->\n<p>BP on Euroopan k\u00e4\u00e4nt\u00e4jille ja tulkeille suunnattu tapahtuma, jonka j\u00e4rjest\u00e4j\u00e4 on itsen\u00e4inen taho. Yht\u00e4l\u00e4isyydet Ter\u00e4ss\u00e4-tapahtumaan ovat ilmeiset \u2013 muista toimijoista riippumaton ja syntynyt yhden tai muutaman ihmisen ideasta. Toivotaan, ett\u00e4 Ter\u00e4ss\u00e4kin kasvaa samoihin mittoihin!<\/p>\n<!-- \/wp:paragraph -->\n\n<!-- wp:paragraph -->\n<p>T\u00e4n\u00e4 vuonna konferenssiin osallistui noin 200 k\u00e4\u00e4nt\u00e4j\u00e4\u00e4 paikan p\u00e4\u00e4ll\u00e4 Lissabonissa ja saman verran kotoa k\u00e4sin. Tekniset j\u00e4rjestelyt olivat huippuluokkaa, isossa salissa kuvaa et\u00e4yhteyksille tuotti kolme kameraa, pienemmiss\u00e4 saleissa yksi kamera. Konferenssipaikkana toimi suuri hotelli, ja iltaisin kokoonnuttiin (melko ahtaasti) sy\u00f6m\u00e4\u00e4n muualle. Tapahtuman yhteydess\u00e4 j\u00e4rjestet\u00e4\u00e4n my\u00f6s ATA:n tutkinto, ja oheisohjelmaakin l\u00f6ytyi. Osallistujien k\u00e4yt\u00f6ss\u00e4 oli sovellus, jonka kautta pystyi r\u00e4\u00e4t\u00e4l\u00f6im\u00e4\u00e4n itselleen oman ohjelman, pit\u00e4m\u00e4\u00e4n yhteytt\u00e4 muiden osallistujien kanssa ja j\u00e4rjest\u00e4m\u00e4\u00e4n vaikkapa tietyn kielen puhujien tapaamisia. Lis\u00e4ksi sessioissa k\u00e4ytettiin SliDo-sovellusta kyselyihin ja kysymyksiin. Eritt\u00e4in interaktiivista toimintaa siis.<\/p>\n<!-- \/wp:paragraph -->\n\n<!-- wp:paragraph -->\n<p>Konferenssin keynote-puhuja oli Renato Beninatto, Nimdzi-tutkimusorganisaation perustaja. H\u00e4n puhui muuttuvasta kielipalvelualasta ja korosti luotettavuuden ja laadun merkityst\u00e4 kilpailuvalttina. Puhujalistalla oli monia nimekk\u00e4it\u00e4 puhujia, mm. ruotsalais-amerikkalainen Tess Whitty, joka pit\u00e4\u00e4 blogia nimelt\u00e4 <a href=\"https:\/\/marketingtipsfortranslators.com\/\">Marketing Tips for Translators<\/a>. Tessin podcastit ovat nyt tauolla, mutta arkisto on kuultavissa. Tess korosti lis\u00e4palvelun tarjoamista nykyisille asiakkaille yhten\u00e4 keinona kasvattaa liikevaihtoa. H\u00e4n viittasi esityksess\u00e4\u00e4n viime Ter\u00e4ss\u00e4-p\u00e4iv\u00e4ss\u00e4 esittelem\u00e4\u00e4ni asiakkaiden pisteytystaulukkoon, jonka h\u00e4n oli bongannut SF\u00d6:n esitelm\u00e4st\u00e4ni.<\/p>\n<!-- \/wp:paragraph -->\n\n<!-- wp:paragraph -->\n<p>Konferenssissa oli kymmeni\u00e4 esityksi\u00e4, jotka jakaantuivat kolmeen eri saliin, joten valinnanvaraa riitti. Itse keskityin kuuntelemaan itsens\u00e4 kehitt\u00e4miseen, johtamiseen ja markkinointiin sek\u00e4 hinnoitteluun keskittyvi\u00e4 aiheita. Teemat olivat kovin tutun kuuloisia my\u00f6s Ter\u00e4ss\u00e4-ammattip\u00e4iv\u00e4st\u00e4: usko itseesi, vahvista verkostojasi, ole luotettava yhteisty\u00f6kumppani, \u00e4l\u00e4 pelk\u00e4\u00e4 neuvotella hinnoista, pid\u00e4 huolta omasta hyvinvoinnistasi. Ja tietysti ajantasaiset ty\u00f6kalut olivat yksi teema \u2013 siin\u00e4 kohtaa osui omalle kohdalle konferenssin ainoa esitys, jonka anti j\u00e4i itselleni todella laihaksi. Mutta heikompikin esitys toimii mittatikkuna omalle toiminnalle, jolloin voi vain todeta ett\u00e4 aha, tuon tiesin ja olen jo ottanut huomioon.<\/p>\n<!-- \/wp:paragraph -->\n\n<!-- wp:paragraph -->\n<p>Viimeisest\u00e4 paneelikeskustelusta j\u00e4i mieleen erityisesti belgialaisen Herman Boelin loistava viisaus: yrityksesi t\u00e4rkein voimavara olet sin\u00e4 itse. Kannattaa siis pit\u00e4\u00e4 huolta itsest\u00e4\u00e4n ja jaksamisestaan, jotta elanto on turvattu. Kaikki loppupanelistitkin olivat sit\u00e4 mielt\u00e4, ett\u00e4 k\u00e4\u00e4nt\u00e4minen ja tulkkaus eiv\u00e4t suinkaan ole auringonlaskun aloja, mutta meid\u00e4n on pystytt\u00e4v\u00e4 muuttumaan ja pysytt\u00e4v\u00e4 jatkuvassa muutoksessa mukana. Se onkin hyv\u00e4 tuliainen kotiin tuotavaksi sek\u00e4 ihan henkil\u00f6kohtaisesti ett\u00e4 Ter\u00e4ss\u00e4-ammattip\u00e4iv\u00e4n n\u00e4k\u00f6kulmasta.<\/p>\n<!-- \/wp:paragraph -->\n\n<!-- wp:divi\/layout -->\n<div class=\"wp-block-divi-layout\">[et_pb_section fb_built=\"1\" _builder_version=\"4.17.4\" _module_preset=\"default\" background_color=\"#eff1ff\" custom_margin=\"40px||40px||false|false\" custom_padding=\"20px|40px|20px|40px|false|false\" global_colors_info=\"{}\"][et_pb_row column_structure=\"1_3,2_3\" use_custom_gutter=\"on\" gutter_width=\"2\" _builder_version=\"4.17.4\" _module_preset=\"default\" width=\"100%\" max_width=\"100%\" global_colors_info=\"{}\"][et_pb_column type=\"1_3\" _builder_version=\"4.17.4\" _module_preset=\"default\" global_colors_info=\"{}\"][et_pb_image src=\"https:\/\/xn--kntjmestari-l8aacb.fi\/km\/wp-content\/uploads\/2022\/06\/tiina-kuva.jpg\" title_text=\"tiina kuva\" _builder_version=\"4.17.4\" _module_preset=\"default\" hover_enabled=\"0\" border_radii=\"on|5px|5px|5px|5px\" global_colors_info=\"{}\" sticky_enabled=\"0\"][\/et_pb_image][\/et_pb_column][et_pb_column type=\"2_3\" _builder_version=\"4.17.4\" _module_preset=\"default\" global_colors_info=\"{}\"][et_pb_team_member name=\"TIINA kINNUNEN\" position=\"AV-K\u00c4\u00c4NT\u00c4J\u00c4\" linkedin_url=\"https:\/\/www.linkedin.com\/in\/tiina-kinnunen\/\" icon_color=\"#005801\" use_icon_font_size=\"on\" icon_font_size=\"22px\" _builder_version=\"4.17.4\" _module_preset=\"default\" header_level=\"h2\" body_text_color=\"#000000\" body_font_size=\"14px\" body_line_height=\"1.5em\" position_font=\"|800|on||||||\" position_text_color=\"#005801\" background_color=\"RGBA(255,255,255,0)\" text_orientation=\"left\" module_alignment=\"center\" hover_enabled=\"0\" custom_css_main_element=\"border-radius:20px;\" custom_css_member_image=\"margin-bottom:35px;\" border_radii_image=\"on|5px|5px|5px|5px\" border_color_all_image=\"RGBA(255,255,255,0)\" box_shadow_style_image=\"preset1\" global_colors_info=\"{}\" twitter_url=\"@TiinaKin\" sticky_enabled=\"0\"]<p><span>Tiina Kinnunen on pitk\u00e4n linjan av-k\u00e4\u00e4nt\u00e4j\u00e4 ja av-k\u00e4\u00e4nt\u00e4misen matkasaarnaaja. Uusien k\u00e4\u00e4nt\u00e4jien koulutus ja yhteisty\u00f6 yliopistojen kanssa ovat l\u00e4hell\u00e4 h\u00e4nen syd\u00e4nt\u00e4\u00e4n, ja h\u00e4n vierailee usein puhumassa k\u00e4\u00e4nt\u00e4misest\u00e4 opiskelijoille. Tiina on my\u00f6s pit\u00e4nyt lukuisia esityksi\u00e4 ammattimaisesta k\u00e4\u00e4nt\u00e4j\u00e4kuvasta kansainv\u00e4lisiss\u00e4 konferensseissa.<\/span><\/p>\n<p><span>Tiina on ollut mukana tekem\u00e4ss\u00e4 K\u00e4\u00e4nt\u00e4j\u00e4mestarin kirjaa, ja h\u00e4n toimii t\u00e4ll\u00e4 hetkell\u00e4 K\u00e4\u00e4nt\u00e4j\u00e4mestarit ry:n puheenjohtajana.<\/span><\/p>[\/et_pb_team_member][\/et_pb_column][\/et_pb_row][\/et_pb_section]<\/div>\n<!-- \/wp:divi\/layout -->","_et_gb_content_width":"","footnotes":""},"categories":[19,20],"tags":[25,26,23,21,13,24,12,22],"class_list":["post-700","post","type-post","status-publish","format-standard","has-post-thumbnail","hentry","category-blogi","category-temp","tag-bp-conference","tag-cpd","tag-freelancer","tag-kaantaminen","tag-konferenssi","tag-sfo","tag-terassa","tag-tulkkaus"],"yoast_head":"<!-- This site is optimized with the Yoast SEO plugin v27.4 - https:\/\/yoast.com\/product\/yoast-seo-wordpress\/ -->\n<title>Konferenssi\u00ad\u00adtuulia haistelemassa - K\u00e4\u00e4nt\u00e4j\u00e4mestarin kirja<\/title>\n<meta name=\"robots\" content=\"index, follow, max-snippet:-1, max-image-preview:large, max-video-preview:-1\" \/>\n<link rel=\"canonical\" href=\"https:\/\/xn--kntjmestari-l8aacb.fi\/km\/konferenssituulia-haistelemassa-3\/\" \/>\n<meta property=\"og:locale\" content=\"fi_FI\" \/>\n<meta property=\"og:type\" content=\"article\" \/>\n<meta property=\"og:title\" content=\"Konferenssituulia haistelemassa\" \/>\n<meta property=\"og:description\" content=\"K\u00e4\u00e4nt\u00e4j\u00e4mestarin kirjan blogisarjan aloittaa Tiina Kinnunen kertomalla kuulumisia kev\u00e4\u00e4n kansainv\u00e4lisist\u00e4 konferensseista.\" \/>\n<meta property=\"og:url\" content=\"https:\/\/xn--kntjmestari-l8aacb.fi\/km\/konferenssituulia-haistelemassa-3\/\" \/>\n<meta property=\"og:site_name\" content=\"K\u00e4\u00e4nt\u00e4j\u00e4mestarin kirja\" \/>\n<meta property=\"article:published_time\" content=\"2022-06-15T06:44:14+00:00\" \/>\n<meta property=\"article:modified_time\" content=\"2023-10-19T10:55:23+00:00\" \/>\n<meta property=\"og:image\" content=\"https:\/\/xn--kntjmestari-l8aacb.fi\/km\/wp-content\/uploads\/2022\/06\/tiina-kuva.jpg\" \/>\n\t<meta property=\"og:image:width\" content=\"750\" \/>\n\t<meta property=\"og:image:height\" content=\"750\" \/>\n\t<meta property=\"og:image:type\" content=\"image\/jpeg\" \/>\n<meta name=\"author\" content=\"admin\" \/>\n<meta name=\"twitter:card\" content=\"summary_large_image\" \/>\n<meta name=\"twitter:title\" content=\"Konferenssituulia haistelemassa\" \/>\n<meta name=\"twitter:description\" content=\"K\u00e4\u00e4nt\u00e4j\u00e4mestarin kirjan blogisarjan aloittaa Tiina Kinnunen kertomalla kuulumisia kev\u00e4\u00e4n kansainv\u00e4lisist\u00e4 konferensseista. #xl8 #cdp #K\u00e4\u00e4nt\u00e4j\u00e4mestarinKirja\" \/>\n<meta name=\"twitter:image\" content=\"https:\/\/xn--kntjmestari-l8aacb.fi\/km\/wp-content\/uploads\/2022\/06\/tiina-kuva.jpg\" \/>\n<meta name=\"twitter:label1\" content=\"Kirjoittanut\" \/>\n\t<meta name=\"twitter:data1\" content=\"admin\" \/>\n\t<meta name=\"twitter:label2\" content=\"Arvioitu lukuaika\" \/>\n\t<meta name=\"twitter:data2\" content=\"5 minuuttia\" \/>\n<script type=\"application\/ld+json\" class=\"yoast-schema-graph\">{\"@context\":\"https:\\\/\\\/schema.org\",\"@graph\":[{\"@type\":\"Article\",\"@id\":\"https:\\\/\\\/xn--kntjmestari-l8aacb.fi\\\/km\\\/konferenssituulia-haistelemassa-3\\\/#article\",\"isPartOf\":{\"@id\":\"https:\\\/\\\/xn--kntjmestari-l8aacb.fi\\\/km\\\/konferenssituulia-haistelemassa-3\\\/\"},\"author\":{\"name\":\"admin\",\"@id\":\"https:\\\/\\\/xn--kntjmestari-l8aacb.fi\\\/km\\\/#\\\/schema\\\/person\\\/e1b376ed30f3c6c81d678fd3717140bd\"},\"headline\":\"Konferenssi\u00ad\u00adtuulia haistelemassa\",\"datePublished\":\"2022-06-15T06:44:14+00:00\",\"dateModified\":\"2023-10-19T10:55:23+00:00\",\"mainEntityOfPage\":{\"@id\":\"https:\\\/\\\/xn--kntjmestari-l8aacb.fi\\\/km\\\/konferenssituulia-haistelemassa-3\\\/\"},\"wordCount\":1045,\"publisher\":{\"@id\":\"https:\\\/\\\/xn--kntjmestari-l8aacb.fi\\\/km\\\/#organization\"},\"image\":{\"@id\":\"https:\\\/\\\/xn--kntjmestari-l8aacb.fi\\\/km\\\/konferenssituulia-haistelemassa-3\\\/#primaryimage\"},\"thumbnailUrl\":\"https:\\\/\\\/xn--kntjmestari-l8aacb.fi\\\/km\\\/wp-content\\\/uploads\\\/2021\\\/12\\\/kaantaja_i_luku1_luku6.jpg\",\"keywords\":[\"BP Conference\",\"CPD\",\"freelancer\",\"k\u00e4\u00e4nt\u00e4minen\",\"konferenssi\",\"SF\u00d6\",\"Ter\u00e4ss\u00e4\",\"tulkkaus\"],\"articleSection\":[\"Blogi\",\"temp\"],\"inLanguage\":\"fi\"},{\"@type\":\"WebPage\",\"@id\":\"https:\\\/\\\/xn--kntjmestari-l8aacb.fi\\\/km\\\/konferenssituulia-haistelemassa-3\\\/\",\"url\":\"https:\\\/\\\/xn--kntjmestari-l8aacb.fi\\\/km\\\/konferenssituulia-haistelemassa-3\\\/\",\"name\":\"Konferenssi\u00ad\u00adtuulia haistelemassa - K\u00e4\u00e4nt\u00e4j\u00e4mestarin kirja\",\"isPartOf\":{\"@id\":\"https:\\\/\\\/xn--kntjmestari-l8aacb.fi\\\/km\\\/#website\"},\"primaryImageOfPage\":{\"@id\":\"https:\\\/\\\/xn--kntjmestari-l8aacb.fi\\\/km\\\/konferenssituulia-haistelemassa-3\\\/#primaryimage\"},\"image\":{\"@id\":\"https:\\\/\\\/xn--kntjmestari-l8aacb.fi\\\/km\\\/konferenssituulia-haistelemassa-3\\\/#primaryimage\"},\"thumbnailUrl\":\"https:\\\/\\\/xn--kntjmestari-l8aacb.fi\\\/km\\\/wp-content\\\/uploads\\\/2021\\\/12\\\/kaantaja_i_luku1_luku6.jpg\",\"datePublished\":\"2022-06-15T06:44:14+00:00\",\"dateModified\":\"2023-10-19T10:55:23+00:00\",\"breadcrumb\":{\"@id\":\"https:\\\/\\\/xn--kntjmestari-l8aacb.fi\\\/km\\\/konferenssituulia-haistelemassa-3\\\/#breadcrumb\"},\"inLanguage\":\"fi\",\"potentialAction\":[{\"@type\":\"ReadAction\",\"target\":[\"https:\\\/\\\/xn--kntjmestari-l8aacb.fi\\\/km\\\/konferenssituulia-haistelemassa-3\\\/\"]}]},{\"@type\":\"ImageObject\",\"inLanguage\":\"fi\",\"@id\":\"https:\\\/\\\/xn--kntjmestari-l8aacb.fi\\\/km\\\/konferenssituulia-haistelemassa-3\\\/#primaryimage\",\"url\":\"https:\\\/\\\/xn--kntjmestari-l8aacb.fi\\\/km\\\/wp-content\\\/uploads\\\/2021\\\/12\\\/kaantaja_i_luku1_luku6.jpg\",\"contentUrl\":\"https:\\\/\\\/xn--kntjmestari-l8aacb.fi\\\/km\\\/wp-content\\\/uploads\\\/2021\\\/12\\\/kaantaja_i_luku1_luku6.jpg\",\"width\":2367,\"height\":1733},{\"@type\":\"BreadcrumbList\",\"@id\":\"https:\\\/\\\/xn--kntjmestari-l8aacb.fi\\\/km\\\/konferenssituulia-haistelemassa-3\\\/#breadcrumb\",\"itemListElement\":[{\"@type\":\"ListItem\",\"position\":1,\"name\":\"Etusivu\",\"item\":\"https:\\\/\\\/xn--kntjmestari-l8aacb.fi\\\/km\\\/\"},{\"@type\":\"ListItem\",\"position\":2,\"name\":\"Konferenssi\u00ad\u00adtuulia haistelemassa\"}]},{\"@type\":\"WebSite\",\"@id\":\"https:\\\/\\\/xn--kntjmestari-l8aacb.fi\\\/km\\\/#website\",\"url\":\"https:\\\/\\\/xn--kntjmestari-l8aacb.fi\\\/km\\\/\",\"name\":\"K\u00e4\u00e4nt\u00e4j\u00e4mestarin kirja\",\"description\":\"k\u00e4yt\u00e4nn\u00f6n opas aloitteleville k\u00e4\u00e4nt\u00e4jille ja tulkeille\",\"publisher\":{\"@id\":\"https:\\\/\\\/xn--kntjmestari-l8aacb.fi\\\/km\\\/#organization\"},\"potentialAction\":[{\"@type\":\"SearchAction\",\"target\":{\"@type\":\"EntryPoint\",\"urlTemplate\":\"https:\\\/\\\/xn--kntjmestari-l8aacb.fi\\\/km\\\/?s={search_term_string}\"},\"query-input\":{\"@type\":\"PropertyValueSpecification\",\"valueRequired\":true,\"valueName\":\"search_term_string\"}}],\"inLanguage\":\"fi\"},{\"@type\":\"Organization\",\"@id\":\"https:\\\/\\\/xn--kntjmestari-l8aacb.fi\\\/km\\\/#organization\",\"name\":\"K\u00e4\u00e4nt\u00e4j\u00e4mestarit\",\"url\":\"https:\\\/\\\/xn--kntjmestari-l8aacb.fi\\\/km\\\/\",\"logo\":{\"@type\":\"ImageObject\",\"inLanguage\":\"fi\",\"@id\":\"https:\\\/\\\/xn--kntjmestari-l8aacb.fi\\\/km\\\/#\\\/schema\\\/logo\\\/image\\\/\",\"url\":\"https:\\\/\\\/xn--kntjmestari-l8aacb.fi\\\/km\\\/wp-content\\\/uploads\\\/2021\\\/12\\\/logo.jpg\",\"contentUrl\":\"https:\\\/\\\/xn--kntjmestari-l8aacb.fi\\\/km\\\/wp-content\\\/uploads\\\/2021\\\/12\\\/logo.jpg\",\"width\":509,\"height\":530,\"caption\":\"K\u00e4\u00e4nt\u00e4j\u00e4mestarit\"},\"image\":{\"@id\":\"https:\\\/\\\/xn--kntjmestari-l8aacb.fi\\\/km\\\/#\\\/schema\\\/logo\\\/image\\\/\"}},{\"@type\":\"Person\",\"@id\":\"https:\\\/\\\/xn--kntjmestari-l8aacb.fi\\\/km\\\/#\\\/schema\\\/person\\\/e1b376ed30f3c6c81d678fd3717140bd\",\"name\":\"admin\",\"image\":{\"@type\":\"ImageObject\",\"inLanguage\":\"fi\",\"@id\":\"https:\\\/\\\/secure.gravatar.com\\\/avatar\\\/3bdc9273a3dee771a430e82c7e1bcf65680986db66e56c1d3f6381c19f96d85c?s=96&d=mm&r=g\",\"url\":\"https:\\\/\\\/secure.gravatar.com\\\/avatar\\\/3bdc9273a3dee771a430e82c7e1bcf65680986db66e56c1d3f6381c19f96d85c?s=96&d=mm&r=g\",\"contentUrl\":\"https:\\\/\\\/secure.gravatar.com\\\/avatar\\\/3bdc9273a3dee771a430e82c7e1bcf65680986db66e56c1d3f6381c19f96d85c?s=96&d=mm&r=g\",\"caption\":\"admin\"},\"sameAs\":[\"https:\\\/\\\/xn--kntjmestari-l8aacb.fi\\\/km\"],\"url\":\"https:\\\/\\\/xn--kntjmestari-l8aacb.fi\\\/km\\\/author\\\/admin_saxmnpk0\\\/\"}]}<\/script>\n<!-- \/ Yoast SEO plugin. -->","yoast_head_json":{"title":"Konferenssi\u00ad\u00adtuulia haistelemassa - K\u00e4\u00e4nt\u00e4j\u00e4mestarin kirja","robots":{"index":"index","follow":"follow","max-snippet":"max-snippet:-1","max-image-preview":"max-image-preview:large","max-video-preview":"max-video-preview:-1"},"canonical":"https:\/\/xn--kntjmestari-l8aacb.fi\/km\/konferenssituulia-haistelemassa-3\/","og_locale":"fi_FI","og_type":"article","og_title":"Konferenssituulia haistelemassa","og_description":"K\u00e4\u00e4nt\u00e4j\u00e4mestarin kirjan blogisarjan aloittaa Tiina Kinnunen kertomalla kuulumisia kev\u00e4\u00e4n kansainv\u00e4lisist\u00e4 konferensseista.","og_url":"https:\/\/xn--kntjmestari-l8aacb.fi\/km\/konferenssituulia-haistelemassa-3\/","og_site_name":"K\u00e4\u00e4nt\u00e4j\u00e4mestarin kirja","article_published_time":"2022-06-15T06:44:14+00:00","article_modified_time":"2023-10-19T10:55:23+00:00","og_image":[{"width":750,"height":750,"url":"https:\/\/xn--kntjmestari-l8aacb.fi\/km\/wp-content\/uploads\/2022\/06\/tiina-kuva.jpg","type":"image\/jpeg"}],"author":"admin","twitter_card":"summary_large_image","twitter_title":"Konferenssituulia haistelemassa","twitter_description":"K\u00e4\u00e4nt\u00e4j\u00e4mestarin kirjan blogisarjan aloittaa Tiina Kinnunen kertomalla kuulumisia kev\u00e4\u00e4n kansainv\u00e4lisist\u00e4 konferensseista. #xl8 #cdp #K\u00e4\u00e4nt\u00e4j\u00e4mestarinKirja","twitter_image":"https:\/\/xn--kntjmestari-l8aacb.fi\/km\/wp-content\/uploads\/2022\/06\/tiina-kuva.jpg","twitter_misc":{"Kirjoittanut":"admin","Arvioitu lukuaika":"5 minuuttia"},"schema":{"@context":"https:\/\/schema.org","@graph":[{"@type":"Article","@id":"https:\/\/xn--kntjmestari-l8aacb.fi\/km\/konferenssituulia-haistelemassa-3\/#article","isPartOf":{"@id":"https:\/\/xn--kntjmestari-l8aacb.fi\/km\/konferenssituulia-haistelemassa-3\/"},"author":{"name":"admin","@id":"https:\/\/xn--kntjmestari-l8aacb.fi\/km\/#\/schema\/person\/e1b376ed30f3c6c81d678fd3717140bd"},"headline":"Konferenssi\u00ad\u00adtuulia haistelemassa","datePublished":"2022-06-15T06:44:14+00:00","dateModified":"2023-10-19T10:55:23+00:00","mainEntityOfPage":{"@id":"https:\/\/xn--kntjmestari-l8aacb.fi\/km\/konferenssituulia-haistelemassa-3\/"},"wordCount":1045,"publisher":{"@id":"https:\/\/xn--kntjmestari-l8aacb.fi\/km\/#organization"},"image":{"@id":"https:\/\/xn--kntjmestari-l8aacb.fi\/km\/konferenssituulia-haistelemassa-3\/#primaryimage"},"thumbnailUrl":"https:\/\/xn--kntjmestari-l8aacb.fi\/km\/wp-content\/uploads\/2021\/12\/kaantaja_i_luku1_luku6.jpg","keywords":["BP Conference","CPD","freelancer","k\u00e4\u00e4nt\u00e4minen","konferenssi","SF\u00d6","Ter\u00e4ss\u00e4","tulkkaus"],"articleSection":["Blogi","temp"],"inLanguage":"fi"},{"@type":"WebPage","@id":"https:\/\/xn--kntjmestari-l8aacb.fi\/km\/konferenssituulia-haistelemassa-3\/","url":"https:\/\/xn--kntjmestari-l8aacb.fi\/km\/konferenssituulia-haistelemassa-3\/","name":"Konferenssi\u00ad\u00adtuulia haistelemassa - K\u00e4\u00e4nt\u00e4j\u00e4mestarin kirja","isPartOf":{"@id":"https:\/\/xn--kntjmestari-l8aacb.fi\/km\/#website"},"primaryImageOfPage":{"@id":"https:\/\/xn--kntjmestari-l8aacb.fi\/km\/konferenssituulia-haistelemassa-3\/#primaryimage"},"image":{"@id":"https:\/\/xn--kntjmestari-l8aacb.fi\/km\/konferenssituulia-haistelemassa-3\/#primaryimage"},"thumbnailUrl":"https:\/\/xn--kntjmestari-l8aacb.fi\/km\/wp-content\/uploads\/2021\/12\/kaantaja_i_luku1_luku6.jpg","datePublished":"2022-06-15T06:44:14+00:00","dateModified":"2023-10-19T10:55:23+00:00","breadcrumb":{"@id":"https:\/\/xn--kntjmestari-l8aacb.fi\/km\/konferenssituulia-haistelemassa-3\/#breadcrumb"},"inLanguage":"fi","potentialAction":[{"@type":"ReadAction","target":["https:\/\/xn--kntjmestari-l8aacb.fi\/km\/konferenssituulia-haistelemassa-3\/"]}]},{"@type":"ImageObject","inLanguage":"fi","@id":"https:\/\/xn--kntjmestari-l8aacb.fi\/km\/konferenssituulia-haistelemassa-3\/#primaryimage","url":"https:\/\/xn--kntjmestari-l8aacb.fi\/km\/wp-content\/uploads\/2021\/12\/kaantaja_i_luku1_luku6.jpg","contentUrl":"https:\/\/xn--kntjmestari-l8aacb.fi\/km\/wp-content\/uploads\/2021\/12\/kaantaja_i_luku1_luku6.jpg","width":2367,"height":1733},{"@type":"BreadcrumbList","@id":"https:\/\/xn--kntjmestari-l8aacb.fi\/km\/konferenssituulia-haistelemassa-3\/#breadcrumb","itemListElement":[{"@type":"ListItem","position":1,"name":"Etusivu","item":"https:\/\/xn--kntjmestari-l8aacb.fi\/km\/"},{"@type":"ListItem","position":2,"name":"Konferenssi\u00ad\u00adtuulia haistelemassa"}]},{"@type":"WebSite","@id":"https:\/\/xn--kntjmestari-l8aacb.fi\/km\/#website","url":"https:\/\/xn--kntjmestari-l8aacb.fi\/km\/","name":"K\u00e4\u00e4nt\u00e4j\u00e4mestarin kirja","description":"k\u00e4yt\u00e4nn\u00f6n opas aloitteleville k\u00e4\u00e4nt\u00e4jille ja tulkeille","publisher":{"@id":"https:\/\/xn--kntjmestari-l8aacb.fi\/km\/#organization"},"potentialAction":[{"@type":"SearchAction","target":{"@type":"EntryPoint","urlTemplate":"https:\/\/xn--kntjmestari-l8aacb.fi\/km\/?s={search_term_string}"},"query-input":{"@type":"PropertyValueSpecification","valueRequired":true,"valueName":"search_term_string"}}],"inLanguage":"fi"},{"@type":"Organization","@id":"https:\/\/xn--kntjmestari-l8aacb.fi\/km\/#organization","name":"K\u00e4\u00e4nt\u00e4j\u00e4mestarit","url":"https:\/\/xn--kntjmestari-l8aacb.fi\/km\/","logo":{"@type":"ImageObject","inLanguage":"fi","@id":"https:\/\/xn--kntjmestari-l8aacb.fi\/km\/#\/schema\/logo\/image\/","url":"https:\/\/xn--kntjmestari-l8aacb.fi\/km\/wp-content\/uploads\/2021\/12\/logo.jpg","contentUrl":"https:\/\/xn--kntjmestari-l8aacb.fi\/km\/wp-content\/uploads\/2021\/12\/logo.jpg","width":509,"height":530,"caption":"K\u00e4\u00e4nt\u00e4j\u00e4mestarit"},"image":{"@id":"https:\/\/xn--kntjmestari-l8aacb.fi\/km\/#\/schema\/logo\/image\/"}},{"@type":"Person","@id":"https:\/\/xn--kntjmestari-l8aacb.fi\/km\/#\/schema\/person\/e1b376ed30f3c6c81d678fd3717140bd","name":"admin","image":{"@type":"ImageObject","inLanguage":"fi","@id":"https:\/\/secure.gravatar.com\/avatar\/3bdc9273a3dee771a430e82c7e1bcf65680986db66e56c1d3f6381c19f96d85c?s=96&d=mm&r=g","url":"https:\/\/secure.gravatar.com\/avatar\/3bdc9273a3dee771a430e82c7e1bcf65680986db66e56c1d3f6381c19f96d85c?s=96&d=mm&r=g","contentUrl":"https:\/\/secure.gravatar.com\/avatar\/3bdc9273a3dee771a430e82c7e1bcf65680986db66e56c1d3f6381c19f96d85c?s=96&d=mm&r=g","caption":"admin"},"sameAs":["https:\/\/xn--kntjmestari-l8aacb.fi\/km"],"url":"https:\/\/xn--kntjmestari-l8aacb.fi\/km\/author\/admin_saxmnpk0\/"}]}},"_links":{"self":[{"href":"https:\/\/xn--kntjmestari-l8aacb.fi\/km\/wp-json\/wp\/v2\/posts\/700","targetHints":{"allow":["GET"]}}],"collection":[{"href":"https:\/\/xn--kntjmestari-l8aacb.fi\/km\/wp-json\/wp\/v2\/posts"}],"about":[{"href":"https:\/\/xn--kntjmestari-l8aacb.fi\/km\/wp-json\/wp\/v2\/types\/post"}],"author":[{"embeddable":true,"href":"https:\/\/xn--kntjmestari-l8aacb.fi\/km\/wp-json\/wp\/v2\/users\/1"}],"replies":[{"embeddable":true,"href":"https:\/\/xn--kntjmestari-l8aacb.fi\/km\/wp-json\/wp\/v2\/comments?post=700"}],"version-history":[{"count":7,"href":"https:\/\/xn--kntjmestari-l8aacb.fi\/km\/wp-json\/wp\/v2\/posts\/700\/revisions"}],"predecessor-version":[{"id":1466,"href":"https:\/\/xn--kntjmestari-l8aacb.fi\/km\/wp-json\/wp\/v2\/posts\/700\/revisions\/1466"}],"wp:featuredmedia":[{"embeddable":true,"href":"https:\/\/xn--kntjmestari-l8aacb.fi\/km\/wp-json\/wp\/v2\/media\/12"}],"wp:attachment":[{"href":"https:\/\/xn--kntjmestari-l8aacb.fi\/km\/wp-json\/wp\/v2\/media?parent=700"}],"wp:term":[{"taxonomy":"category","embeddable":true,"href":"https:\/\/xn--kntjmestari-l8aacb.fi\/km\/wp-json\/wp\/v2\/categories?post=700"},{"taxonomy":"post_tag","embeddable":true,"href":"https:\/\/xn--kntjmestari-l8aacb.fi\/km\/wp-json\/wp\/v2\/tags?post=700"}],"curies":[{"name":"wp","href":"https:\/\/api.w.org\/{rel}","templated":true}]}}